{"id":11115,"date":"2022-11-07T13:01:34","date_gmt":"2022-11-07T13:01:34","guid":{"rendered":"https:\/\/climate-wise.com\/que-podemos-esperar-de-la-cop27-tras-los-compromisos-adquiridos-en-la-cop26\/"},"modified":"2022-11-07T13:01:34","modified_gmt":"2022-11-07T13:01:34","slug":"que-podemos-esperar-de-la-cop27-tras-los-compromisos-adquiridos-en-la-cop26","status":"publish","type":"post","link":"https:\/\/climate-wise.com\/es\/que-podemos-esperar-de-la-cop27-tras-los-compromisos-adquiridos-en-la-cop26\/","title":{"rendered":"\u00bfQu\u00e9 podemos esperar de la COP27 tras los compromisos adquiridos en la COP26?"},"content":{"rendered":"<p>Tras los retrasos debidos al COVID, la tan esperada COP26 desencaden\u00f3 una nueva oleada de esperanza clim\u00e1tica al coincidir pa\u00edses de todo el mundo en que es urgente hacer m\u00e1s para evitar un peligroso aumento de las temperaturas atmosf\u00e9ricas globales. Con la COP27 a la vuelta de la esquina, repasamos lo que ha cambiado desde la conferencia del a\u00f1o pasado y lo que podemos esperar de las negociaciones clim\u00e1ticas de este a\u00f1o.<\/p>\n<p><img loading=\"lazy\" decoding=\"async\" class=\"size-medium wp-image-6470 alignright\" src=\"https:\/\/climate-wise.com\/wp-content\/uploads\/2022\/11\/pexels-pixabay-257775-300x199.jpg\" alt=\"\" width=\"300\" height=\"199\">La COP27 se celebra en Sharm el-Sheikh (Egipto) durante dos semanas a partir del 6 de noviembre. Los pa\u00edses se unir\u00e1n en un momento cr\u00edtico en medio de la guerra, el aumento de la inflaci\u00f3n y una crisis energ\u00e9tica mundial. Los efectos del cambio clim\u00e1tico no hacen m\u00e1s que empeorar, las devastadoras inundaciones en Pakist\u00e1n y la hambruna en \u00c1frica son se\u00f1ales de que el tiempo se agota r\u00e1pidamente. Con el objetivo \u00faltimo de la conferencia en entredicho, se prev\u00e9 que el principal debate de la COP27 sea sobre qui\u00e9n paga el coste del calentamiento global, si los pa\u00edses ricos contaminantes que son los m\u00e1s responsables, o las naciones m\u00e1s pobres que sufren los peores efectos. Tambi\u00e9n se espera que la eliminaci\u00f3n progresiva de los combustibles f\u00f3siles sea un tema candente, con especial atenci\u00f3n a los pa\u00edses en desarrollo que est\u00e1n haciendo la transici\u00f3n a las energ\u00edas renovables.<\/p>\n<p>Estas naciones vulnerables quieren ver un compromiso monetario que les ayude a mitigar y adaptarse a los desastres provocados por el clima que sufren regularmente. Estos fondos se utilizar\u00e1n de diversas formas, desde el realojamiento de aldeas vulnerables hasta la compensaci\u00f3n por la p\u00e9rdida de crecimiento econ\u00f3mico debida a fen\u00f3menos meteorol\u00f3gicos extremos como sequ\u00edas e inundaciones. Estados Unidos, entre otros pa\u00edses industrializados, se ha opuesto hasta ahora a la creaci\u00f3n de un fondo de este tipo, principalmente por temor a ser considerado legalmente responsable de los cada vez m\u00e1s numerosos da\u00f1os.<\/p>\n<p>Como la conferencia se celebra en \u00c1frica, muchos asistentes esperan que se preste m\u00e1s atenci\u00f3n a los pa\u00edses en desarrollo. Aunque la cumbre es m\u00e1s reducida que la del a\u00f1o pasado en Glasgow, se espera que asistan m\u00e1s de 35.000 delegados y 100 Jefes de Estado. Aunque, seg\u00fan los miembros de la ONU, no se esperan decisiones importantes, se trata de una participaci\u00f3n impresionante.<\/p>\n<p><img loading=\"lazy\" decoding=\"async\" class=\"alignleft size-full wp-image-10185\" src=\"https:\/\/climate-wise.com\/wp-content\/uploads\/2022\/11\/pexels-markus-spiske-2990657-300x200.jpg.webp\" alt=\"\" width=\"300\" height=\"200\">En anteriores conferencias se han producido protestas de muchas formas, desde marchas hasta huelgas de hambre, entre otras formas de desobediencia civil que ponen de relieve la urgencia de la emergencia clim\u00e1tica. Se espera que este a\u00f1o no sea diferente, y que los egipcios planeen protestas para concienciar sobre el terrible historial de Egipto en materia de derechos humanos. Sin embargo, el gobierno del presidente Abdel-Fattah el-Sissi ha prohibido cualquier tipo de manifestaci\u00f3n, por lo que su celebraci\u00f3n no est\u00e1 garantizada. Sameh Shoukry dijo que permitir\u00edan que se celebraran algunas manifestaciones en la COP27 siempre y cuando tuvieran lugar en unas instalaciones adyacentes al centro de conferencias.<\/p>\n<p>Durante la conferencia del a\u00f1o pasado, los pa\u00edses se comprometieron a ser m\u00e1s ambiciosos en la lucha contra el cambio clim\u00e1tico. Sin embargo, un reciente informe de las Naciones Unidas ha revelado que aproximadamente s\u00f3lo dos docenas de pa\u00edses han cumplido y se han comprometido a adoptar medidas m\u00e1s contundentes. El Pacto de Glasgow fue acordado por casi 200 naciones, en el que se pide a los pa\u00edses que revisen sus objetivos de emisiones antes de finales de 2022 y los refuercen para garantizar que se alcanza el objetivo clim\u00e1tico mundial de limitar el calentamiento global a 1,5 grados. Se inst\u00f3 a los pa\u00edses desarrollados a al menos duplicar su financiaci\u00f3n clim\u00e1tica para la adaptaci\u00f3n antes de 2025, ya que no se hab\u00eda cumplido la promesa de una d\u00e9cada de aportar 100.000 millones de d\u00f3lares anuales antes de 2020.<\/p>\n<p><img loading=\"lazy\" decoding=\"async\" class=\"size-full wp-image-10189 alignright\" src=\"https:\/\/climate-wise.com\/wp-content\/uploads\/2022\/11\/pexels-pok-rie-3374065-300x200.jpg.webp\" alt=\"\" width=\"300\" height=\"200\">Los pa\u00edses se comprometieron a reducir las emisiones de metano en un 30% durante esta d\u00e9cada. Muchos otros pa\u00edses acordaron eliminar progresivamente sus centrales de carb\u00f3n y sus veh\u00edculos de gasolina en las pr\u00f3ximas d\u00e9cadas. En un intento por salvar la biodiversidad restante, 130 pa\u00edses acordaron detener la deforestaci\u00f3n para 2030, adem\u00e1s de comprometer grandes sumas de dinero para este esfuerzo. Hasta ahora no hay pruebas del progreso de estos acuerdos, pero algunos pa\u00edses han empezado a ponerse en marcha. Por ejemplo, para abandonar de forma significativa los combustibles f\u00f3siles y avanzar hacia una energ\u00eda sin emisiones, Estados Unidos aprob\u00f3 una ley para invertir 370.000 millones de d\u00f3lares este a\u00f1o con el fin de facilitar la transici\u00f3n.<\/p>\n<p>La COP27 demostrar\u00e1 si la comunidad internacional es capaz de responder a la urgencia cada vez mayor de la crisis clim\u00e1tica mundial. Los compromisos deben convertirse en acciones significativas para evitar los peores efectos del cambio clim\u00e1tico y proteger a los m\u00e1s vulnerables.<\/p>\n","protected":false},"excerpt":{"rendered":"<p>Tras los retrasos debidos al COVID, la tan esperada COP26 desencaden\u00f3 una nueva oleada de esperanza clim\u00e1tica al coincidir pa\u00edses de todo el mundo en que es urgente hacer m\u00e1s para evitar un peligroso aumento de las temperaturas atmosf\u00e9ricas globales. Con la COP27 a la vuelta de la esquina, repasamos lo que ha cambiado desde&hellip; <a class=\"more-link\" href=\"https:\/\/climate-wise.com\/es\/que-podemos-esperar-de-la-cop27-tras-los-compromisos-adquiridos-en-la-cop26\/\">Seguir leyendo <span class=\"screen-reader-text\">\u00bfQu\u00e9 podemos esperar de la COP27 tras los compromisos adquiridos en la COP26?<\/span><\/a><\/p>\n","protected":false},"author":1,"featured_media":8755,"comment_status":"closed","ping_status":"closed","sticky":false,"template":"","format":"standard","meta":{"footnotes":""},"categories":[218],"tags":[],"class_list":["post-11115","post","type-post","status-publish","format-standard","has-post-thumbnail","hentry","category-noticias-y-articulos-es","entry"],"acf":[],"yoast_head":"<!-- This site is optimized with the Yoast SEO plugin v25.1 - https:\/\/yoast.com\/wordpress\/plugins\/seo\/ -->\n<title>\u00bfQu\u00e9 podemos esperar de la COP27 tras los compromisos adquiridos en la COP26? - Climate Wise<\/title>\n<meta name=\"description\" content=\"Tras los retrasos debidos al COVID, la tan esperada COP26 desencaden\u00f3 una nueva oleada de esperanza clim\u00e1tica al coincidir pa\u00edses de todo el mundo en que\" \/>\n<meta name=\"robots\" content=\"index, follow, max-snippet:-1, max-image-preview:large, max-video-preview:-1\" \/>\n<link rel=\"canonical\" href=\"https:\/\/climate-wise.com\/what-can-we-expect-from-cop27-after-the-pledges-made-at-cop26\/\" \/>\n<meta property=\"og:locale\" content=\"es_ES\" \/>\n<meta property=\"og:type\" content=\"article\" \/>\n<meta property=\"og:title\" content=\"\u00bfQu\u00e9 podemos esperar de la COP27 tras los compromisos adquiridos en la COP26? - Climate Wise\" \/>\n<meta property=\"og:description\" content=\"Tras los retrasos debidos al COVID, la tan esperada COP26 desencaden\u00f3 una nueva oleada de esperanza clim\u00e1tica al coincidir pa\u00edses de todo el mundo en que\" \/>\n<meta property=\"og:url\" content=\"https:\/\/climate-wise.com\/what-can-we-expect-from-cop27-after-the-pledges-made-at-cop26\/\" \/>\n<meta property=\"og:site_name\" content=\"Climate Wise\" \/>\n<meta property=\"article:published_time\" content=\"2022-11-07T13:01:34+00:00\" \/>\n<meta property=\"og:image\" content=\"https:\/\/climate-wise.com\/wp-content\/uploads\/2022\/11\/pexels-pixabay-257775.jpg\" \/>\n\t<meta property=\"og:image:width\" content=\"1920\" \/>\n\t<meta property=\"og:image:height\" content=\"1275\" \/>\n\t<meta property=\"og:image:type\" content=\"image\/jpeg\" \/>\n<meta name=\"author\" content=\"admin\" \/>\n<meta name=\"twitter:card\" content=\"summary_large_image\" \/>\n<meta name=\"twitter:label1\" content=\"Escrito por\" \/>\n\t<meta name=\"twitter:data1\" content=\"admin\" \/>\n\t<meta name=\"twitter:label2\" content=\"Tiempo de lectura\" \/>\n\t<meta name=\"twitter:data2\" content=\"4 minutos\" \/>\n<script type=\"application\/ld+json\" class=\"yoast-schema-graph\">{\"@context\":\"https:\/\/schema.org\",\"@graph\":[{\"@type\":\"Article\",\"@id\":\"https:\/\/climate-wise.com\/what-can-we-expect-from-cop27-after-the-pledges-made-at-cop26\/#article\",\"isPartOf\":{\"@id\":\"https:\/\/climate-wise.com\/what-can-we-expect-from-cop27-after-the-pledges-made-at-cop26\/\"},\"author\":{\"name\":\"admin\",\"@id\":\"https:\/\/climate-wise.com\/#\/schema\/person\/aead677193b48de5b5316c53668a703b\"},\"headline\":\"\u00bfQu\u00e9 podemos esperar de la COP27 tras los compromisos adquiridos en la COP26?\",\"datePublished\":\"2022-11-07T13:01:34+00:00\",\"mainEntityOfPage\":{\"@id\":\"https:\/\/climate-wise.com\/what-can-we-expect-from-cop27-after-the-pledges-made-at-cop26\/\"},\"wordCount\":869,\"publisher\":{\"@id\":\"https:\/\/climate-wise.com\/#organization\"},\"image\":{\"@id\":\"https:\/\/climate-wise.com\/what-can-we-expect-from-cop27-after-the-pledges-made-at-cop26\/#primaryimage\"},\"thumbnailUrl\":\"https:\/\/climate-wise.com\/wp-content\/uploads\/2022\/11\/pexels-pixabay-257775.jpg\",\"articleSection\":[\"Noticias y art\u00edculos\"],\"inLanguage\":\"es\"},{\"@type\":\"WebPage\",\"@id\":\"https:\/\/climate-wise.com\/what-can-we-expect-from-cop27-after-the-pledges-made-at-cop26\/\",\"url\":\"https:\/\/climate-wise.com\/what-can-we-expect-from-cop27-after-the-pledges-made-at-cop26\/\",\"name\":\"\u00bfQu\u00e9 podemos esperar de la COP27 tras los compromisos adquiridos en la COP26? - Climate Wise\",\"isPartOf\":{\"@id\":\"https:\/\/climate-wise.com\/#website\"},\"primaryImageOfPage\":{\"@id\":\"https:\/\/climate-wise.com\/what-can-we-expect-from-cop27-after-the-pledges-made-at-cop26\/#primaryimage\"},\"image\":{\"@id\":\"https:\/\/climate-wise.com\/what-can-we-expect-from-cop27-after-the-pledges-made-at-cop26\/#primaryimage\"},\"thumbnailUrl\":\"https:\/\/climate-wise.com\/wp-content\/uploads\/2022\/11\/pexels-pixabay-257775.jpg\",\"datePublished\":\"2022-11-07T13:01:34+00:00\",\"description\":\"Tras los retrasos debidos al COVID, la tan esperada COP26 desencaden\u00f3 una nueva oleada de esperanza clim\u00e1tica al coincidir pa\u00edses de todo el mundo en que\",\"breadcrumb\":{\"@id\":\"https:\/\/climate-wise.com\/what-can-we-expect-from-cop27-after-the-pledges-made-at-cop26\/#breadcrumb\"},\"inLanguage\":\"es\",\"potentialAction\":[{\"@type\":\"ReadAction\",\"target\":[\"https:\/\/climate-wise.com\/what-can-we-expect-from-cop27-after-the-pledges-made-at-cop26\/\"]}]},{\"@type\":\"ImageObject\",\"inLanguage\":\"es\",\"@id\":\"https:\/\/climate-wise.com\/what-can-we-expect-from-cop27-after-the-pledges-made-at-cop26\/#primaryimage\",\"url\":\"https:\/\/climate-wise.com\/wp-content\/uploads\/2022\/11\/pexels-pixabay-257775.jpg\",\"contentUrl\":\"https:\/\/climate-wise.com\/wp-content\/uploads\/2022\/11\/pexels-pixabay-257775.jpg\",\"width\":1920,\"height\":1275},{\"@type\":\"BreadcrumbList\",\"@id\":\"https:\/\/climate-wise.com\/what-can-we-expect-from-cop27-after-the-pledges-made-at-cop26\/#breadcrumb\",\"itemListElement\":[{\"@type\":\"ListItem\",\"position\":1,\"name\":\"Home\",\"item\":\"https:\/\/climate-wise.com\/es\/\"},{\"@type\":\"ListItem\",\"position\":2,\"name\":\"\u00bfQu\u00e9 podemos esperar de la COP27 tras los compromisos adquiridos en la COP26?\"}]},{\"@type\":\"WebSite\",\"@id\":\"https:\/\/climate-wise.com\/#website\",\"url\":\"https:\/\/climate-wise.com\/\",\"name\":\"Climate Wise\",\"description\":\"\",\"publisher\":{\"@id\":\"https:\/\/climate-wise.com\/#organization\"},\"potentialAction\":[{\"@type\":\"SearchAction\",\"target\":{\"@type\":\"EntryPoint\",\"urlTemplate\":\"https:\/\/climate-wise.com\/?s={search_term_string}\"},\"query-input\":{\"@type\":\"PropertyValueSpecification\",\"valueRequired\":true,\"valueName\":\"search_term_string\"}}],\"inLanguage\":\"es\"},{\"@type\":\"Organization\",\"@id\":\"https:\/\/climate-wise.com\/#organization\",\"name\":\"Climate Wise\",\"url\":\"https:\/\/climate-wise.com\/\",\"logo\":{\"@type\":\"ImageObject\",\"inLanguage\":\"es\",\"@id\":\"https:\/\/climate-wise.com\/#\/schema\/logo\/image\/\",\"url\":\"https:\/\/climate-wise.com\/wp-content\/uploads\/2023\/10\/logo-5.png\",\"contentUrl\":\"https:\/\/climate-wise.com\/wp-content\/uploads\/2023\/10\/logo-5.png\",\"width\":209,\"height\":66,\"caption\":\"Climate Wise\"},\"image\":{\"@id\":\"https:\/\/climate-wise.com\/#\/schema\/logo\/image\/\"}},{\"@type\":\"Person\",\"@id\":\"https:\/\/climate-wise.com\/#\/schema\/person\/aead677193b48de5b5316c53668a703b\",\"name\":\"admin\",\"image\":{\"@type\":\"ImageObject\",\"inLanguage\":\"es\",\"@id\":\"https:\/\/climate-wise.com\/#\/schema\/person\/image\/\",\"url\":\"https:\/\/secure.gravatar.com\/avatar\/451c6384c33b95916bf7038c507ca6e045e0739ac7080a94c38710690a73235a?s=96&d=mm&r=g\",\"contentUrl\":\"https:\/\/secure.gravatar.com\/avatar\/451c6384c33b95916bf7038c507ca6e045e0739ac7080a94c38710690a73235a?s=96&d=mm&r=g\",\"caption\":\"admin\"},\"sameAs\":[\"https:\/\/climate-wise.com\"],\"url\":\"https:\/\/climate-wise.com\/es\/author\/admin\/\"}]}<\/script>\n<!-- \/ Yoast SEO plugin. -->","yoast_head_json":{"title":"\u00bfQu\u00e9 podemos esperar de la COP27 tras los compromisos adquiridos en la COP26? - Climate Wise","description":"Tras los retrasos debidos al COVID, la tan esperada COP26 desencaden\u00f3 una nueva oleada de esperanza clim\u00e1tica al coincidir pa\u00edses de todo el mundo en que","robots":{"index":"index","follow":"follow","max-snippet":"max-snippet:-1","max-image-preview":"max-image-preview:large","max-video-preview":"max-video-preview:-1"},"canonical":"https:\/\/climate-wise.com\/what-can-we-expect-from-cop27-after-the-pledges-made-at-cop26\/","og_locale":"es_ES","og_type":"article","og_title":"\u00bfQu\u00e9 podemos esperar de la COP27 tras los compromisos adquiridos en la COP26? - Climate Wise","og_description":"Tras los retrasos debidos al COVID, la tan esperada COP26 desencaden\u00f3 una nueva oleada de esperanza clim\u00e1tica al coincidir pa\u00edses de todo el mundo en que","og_url":"https:\/\/climate-wise.com\/what-can-we-expect-from-cop27-after-the-pledges-made-at-cop26\/","og_site_name":"Climate Wise","article_published_time":"2022-11-07T13:01:34+00:00","og_image":[{"width":1920,"height":1275,"url":"https:\/\/climate-wise.com\/wp-content\/uploads\/2022\/11\/pexels-pixabay-257775.jpg","type":"image\/jpeg"}],"author":"admin","twitter_card":"summary_large_image","twitter_misc":{"Escrito por":"admin","Tiempo de lectura":"4 minutos"},"schema":{"@context":"https:\/\/schema.org","@graph":[{"@type":"Article","@id":"https:\/\/climate-wise.com\/what-can-we-expect-from-cop27-after-the-pledges-made-at-cop26\/#article","isPartOf":{"@id":"https:\/\/climate-wise.com\/what-can-we-expect-from-cop27-after-the-pledges-made-at-cop26\/"},"author":{"name":"admin","@id":"https:\/\/climate-wise.com\/#\/schema\/person\/aead677193b48de5b5316c53668a703b"},"headline":"\u00bfQu\u00e9 podemos esperar de la COP27 tras los compromisos adquiridos en la COP26?","datePublished":"2022-11-07T13:01:34+00:00","mainEntityOfPage":{"@id":"https:\/\/climate-wise.com\/what-can-we-expect-from-cop27-after-the-pledges-made-at-cop26\/"},"wordCount":869,"publisher":{"@id":"https:\/\/climate-wise.com\/#organization"},"image":{"@id":"https:\/\/climate-wise.com\/what-can-we-expect-from-cop27-after-the-pledges-made-at-cop26\/#primaryimage"},"thumbnailUrl":"https:\/\/climate-wise.com\/wp-content\/uploads\/2022\/11\/pexels-pixabay-257775.jpg","articleSection":["Noticias y art\u00edculos"],"inLanguage":"es"},{"@type":"WebPage","@id":"https:\/\/climate-wise.com\/what-can-we-expect-from-cop27-after-the-pledges-made-at-cop26\/","url":"https:\/\/climate-wise.com\/what-can-we-expect-from-cop27-after-the-pledges-made-at-cop26\/","name":"\u00bfQu\u00e9 podemos esperar de la COP27 tras los compromisos adquiridos en la COP26? - Climate Wise","isPartOf":{"@id":"https:\/\/climate-wise.com\/#website"},"primaryImageOfPage":{"@id":"https:\/\/climate-wise.com\/what-can-we-expect-from-cop27-after-the-pledges-made-at-cop26\/#primaryimage"},"image":{"@id":"https:\/\/climate-wise.com\/what-can-we-expect-from-cop27-after-the-pledges-made-at-cop26\/#primaryimage"},"thumbnailUrl":"https:\/\/climate-wise.com\/wp-content\/uploads\/2022\/11\/pexels-pixabay-257775.jpg","datePublished":"2022-11-07T13:01:34+00:00","description":"Tras los retrasos debidos al COVID, la tan esperada COP26 desencaden\u00f3 una nueva oleada de esperanza clim\u00e1tica al coincidir pa\u00edses de todo el mundo en que","breadcrumb":{"@id":"https:\/\/climate-wise.com\/what-can-we-expect-from-cop27-after-the-pledges-made-at-cop26\/#breadcrumb"},"inLanguage":"es","potentialAction":[{"@type":"ReadAction","target":["https:\/\/climate-wise.com\/what-can-we-expect-from-cop27-after-the-pledges-made-at-cop26\/"]}]},{"@type":"ImageObject","inLanguage":"es","@id":"https:\/\/climate-wise.com\/what-can-we-expect-from-cop27-after-the-pledges-made-at-cop26\/#primaryimage","url":"https:\/\/climate-wise.com\/wp-content\/uploads\/2022\/11\/pexels-pixabay-257775.jpg","contentUrl":"https:\/\/climate-wise.com\/wp-content\/uploads\/2022\/11\/pexels-pixabay-257775.jpg","width":1920,"height":1275},{"@type":"BreadcrumbList","@id":"https:\/\/climate-wise.com\/what-can-we-expect-from-cop27-after-the-pledges-made-at-cop26\/#breadcrumb","itemListElement":[{"@type":"ListItem","position":1,"name":"Home","item":"https:\/\/climate-wise.com\/es\/"},{"@type":"ListItem","position":2,"name":"\u00bfQu\u00e9 podemos esperar de la COP27 tras los compromisos adquiridos en la COP26?"}]},{"@type":"WebSite","@id":"https:\/\/climate-wise.com\/#website","url":"https:\/\/climate-wise.com\/","name":"Climate Wise","description":"","publisher":{"@id":"https:\/\/climate-wise.com\/#organization"},"potentialAction":[{"@type":"SearchAction","target":{"@type":"EntryPoint","urlTemplate":"https:\/\/climate-wise.com\/?s={search_term_string}"},"query-input":{"@type":"PropertyValueSpecification","valueRequired":true,"valueName":"search_term_string"}}],"inLanguage":"es"},{"@type":"Organization","@id":"https:\/\/climate-wise.com\/#organization","name":"Climate Wise","url":"https:\/\/climate-wise.com\/","logo":{"@type":"ImageObject","inLanguage":"es","@id":"https:\/\/climate-wise.com\/#\/schema\/logo\/image\/","url":"https:\/\/climate-wise.com\/wp-content\/uploads\/2023\/10\/logo-5.png","contentUrl":"https:\/\/climate-wise.com\/wp-content\/uploads\/2023\/10\/logo-5.png","width":209,"height":66,"caption":"Climate Wise"},"image":{"@id":"https:\/\/climate-wise.com\/#\/schema\/logo\/image\/"}},{"@type":"Person","@id":"https:\/\/climate-wise.com\/#\/schema\/person\/aead677193b48de5b5316c53668a703b","name":"admin","image":{"@type":"ImageObject","inLanguage":"es","@id":"https:\/\/climate-wise.com\/#\/schema\/person\/image\/","url":"https:\/\/secure.gravatar.com\/avatar\/451c6384c33b95916bf7038c507ca6e045e0739ac7080a94c38710690a73235a?s=96&d=mm&r=g","contentUrl":"https:\/\/secure.gravatar.com\/avatar\/451c6384c33b95916bf7038c507ca6e045e0739ac7080a94c38710690a73235a?s=96&d=mm&r=g","caption":"admin"},"sameAs":["https:\/\/climate-wise.com"],"url":"https:\/\/climate-wise.com\/es\/author\/admin\/"}]}},"post_mailing_queue_ids":[],"_links":{"self":[{"href":"https:\/\/climate-wise.com\/es\/wp-json\/wp\/v2\/posts\/11115","targetHints":{"allow":["GET"]}}],"collection":[{"href":"https:\/\/climate-wise.com\/es\/wp-json\/wp\/v2\/posts"}],"about":[{"href":"https:\/\/climate-wise.com\/es\/wp-json\/wp\/v2\/types\/post"}],"author":[{"embeddable":true,"href":"https:\/\/climate-wise.com\/es\/wp-json\/wp\/v2\/users\/1"}],"replies":[{"embeddable":true,"href":"https:\/\/climate-wise.com\/es\/wp-json\/wp\/v2\/comments?post=11115"}],"version-history":[{"count":0,"href":"https:\/\/climate-wise.com\/es\/wp-json\/wp\/v2\/posts\/11115\/revisions"}],"wp:featuredmedia":[{"embeddable":true,"href":"https:\/\/climate-wise.com\/es\/wp-json\/wp\/v2\/media\/8755"}],"wp:attachment":[{"href":"https:\/\/climate-wise.com\/es\/wp-json\/wp\/v2\/media?parent=11115"}],"wp:term":[{"taxonomy":"category","embeddable":true,"href":"https:\/\/climate-wise.com\/es\/wp-json\/wp\/v2\/categories?post=11115"},{"taxonomy":"post_tag","embeddable":true,"href":"https:\/\/climate-wise.com\/es\/wp-json\/wp\/v2\/tags?post=11115"}],"curies":[{"name":"wp","href":"https:\/\/api.w.org\/{rel}","templated":true}]}}