{"id":11133,"date":"2022-08-08T19:49:48","date_gmt":"2022-08-08T19:49:48","guid":{"rendered":"https:\/\/climate-wise.com\/las-olas-de-calor-extremas-de-este-verano-son-mas-que-una-llamada-de-atencion\/"},"modified":"2022-08-08T19:49:48","modified_gmt":"2022-08-08T19:49:48","slug":"las-olas-de-calor-extremas-de-este-verano-son-mas-que-una-llamada-de-atencion","status":"publish","type":"post","link":"https:\/\/climate-wise.com\/es\/las-olas-de-calor-extremas-de-este-verano-son-mas-que-una-llamada-de-atencion\/","title":{"rendered":"Las olas de calor extremas de este verano son m\u00e1s que una llamada de atenci\u00f3n"},"content":{"rendered":"<p><strong><img loading=\"lazy\" decoding=\"async\" class=\"size-full wp-image-10258 alignright\" src=\"https:\/\/climate-wise.com\/wp-content\/uploads\/2022\/08\/pexels-pixabay-68768-300x200.jpg.webp\" alt=\"\" width=\"300\" height=\"200\">Veranos de r\u00e9cord<\/strong><br \/>\nEn los \u00faltimos 20 a\u00f1os hemos sido testigos de veranos r\u00e9cord, pero este verano est\u00e1 demostrando m\u00e1s que nunca que nos encontramos en una situaci\u00f3n de emergencia clim\u00e1tica. Por primera vez en la historia, el Reino Unido recibi\u00f3 una alerta roja por calor extremo, ya que las temperaturas en algunas partes del pa\u00eds superaron los 40 <a href=\"https:\/\/www.metoffice.gov.uk\/about-us\/press-office\/news\/weather-and-climate\/2022\/red-extreme-heat-warning-ud\" target=\"_blank\" rel=\"noopener\">\u00b0C<\/a>, con una m\u00e1xima de <a href=\"https:\/\/www.metoffice.gov.uk\/about-us\/press-office\/news\/weather-and-climate\/2022\/red-extreme-heat-warning-ud\" target=\"_blank\" rel=\"noopener\">40,3 \u00b0C<\/a>. La temperatura m\u00e1s alta registrada anteriormente en el Reino Unido fue <a href=\"https:\/\/www.bbc.com\/news\/uk-62195015\" target=\"_blank\" rel=\"noopener\">de 38,7 \u00b0C en 2019<\/a>. En Inglaterra, al menos 34 estaciones meteorol\u00f3gicas superaron los registros de temperatura anteriores.<\/p>\n<p>La advertencia tiene un coste. Las temperaturas r\u00e9cord provocaron un aumento de los incendios, lo que llev\u00f3 a varios servicios de bomberos a declarar incidentes graves. Londres sufri\u00f3 el peor de los incendios, con fuegos de pastos que se propagaron a propiedades. El sobrecalentamiento o el pandeo de las v\u00edas y el fallo de los cables a\u00e9reos provocaron interrupciones en los servicios ferroviarios. Se alabe\u00f3 el firme de muchas carreteras y se produjeron cortes de electricidad en todo el pa\u00eds. Los problemas de salud aumentan a medida que el calor extremo compromete la capacidad del organismo para regular la temperatura. La profesora Isabel Oliver se\u00f1al\u00f3 que el a\u00f1o pasado se produjeron m\u00e1s de <a href=\"https:\/\/www.bbc.com\/news\/uk-62189515\" target=\"_blank\" rel=\"noopener\">1.600 muertes<\/a> asociadas a la ola de calor y que las temperaturas no fueron ni de lejos tan altas como las experimentadas hasta ahora este verano. En 2003, una inesperada ola de calor en Francia caus\u00f3 m\u00e1s de 15.000 muertos. Las olas de calor causan m\u00e1s muertes que cualquier otra cat\u00e1strofe natural en Am\u00e9rica, incluidas las inundaciones y los tornados.<\/p>\n<p><strong>Una se\u00f1al de lo que est\u00e1 por venir<\/strong><br \/>\nEstas temperaturas no son \u00abnormales\u00bb, son una se\u00f1al de advertencia de lo que est\u00e1 por venir si no actuamos. Desde la revoluci\u00f3n industrial, la temperatura media mundial ha aumentado 1,1 \u00b0C. Se ha demostrado cient\u00edficamente que la quema de combustibles f\u00f3siles y las actividades antropog\u00e9nicas destructivas son responsables del calentamiento global. Si los gobiernos no reducen dr\u00e1sticamente las emisiones para mitigar los peores efectos del cambio clim\u00e1tico, la temperatura seguir\u00e1 aumentando.<\/p>\n<p><img loading=\"lazy\" decoding=\"async\" class=\"size-medium wp-image-6216 alignleft\" src=\"https:\/\/climate-wise.com\/wp-content\/uploads\/2022\/08\/pexels-pixabay-237325-300x208.jpg\" alt=\"\" width=\"300\" height=\"208\">Aunque muchos en el Reino Unido est\u00e9n disfrutando del sol, esto es s\u00f3lo el principio. Pa\u00edses del sur de Asia como India y Pakist\u00e1n han experimentado temperaturas superiores a los 50\u00b0C, lo que perjudica gravemente la salud y el funcionamiento de la sociedad. Temperaturas como \u00e9sta son invivibles y, a menos que se tomen medidas inmediatas y dr\u00e1sticas, el Reino Unido tambi\u00e9n experimentar\u00e1 un clima invivible en las pr\u00f3ximas d\u00e9cadas.<\/p>\n<p>Durante las olas de calor, el <a href=\"https:\/\/www.foxweather.com\/learn\/7-facts-heat-waves\" target=\"_blank\" rel=\"noopener\">aire se estanca<\/a>, lo que provoca que los contaminantes queden atrapados m\u00e1s cerca del nivel del suelo, perjudicando la vida, incluidos animales y plantas. Esto afecta a los cultivos de los que dependemos para sobrevivir y a la biodiversidad que sustenta los servicios ecosist\u00e9micos esenciales. Las olas de calor extremas anuales no s\u00f3lo dificultar\u00e1n nuestra supervivencia, sino tambi\u00e9n la de otros seres vivos del planeta.<\/p>\n<p>Como la demanda el\u00e9ctrica aumenta durante las olas de calor, existe el riesgo de que se produzcan cortes de electricidad. La demanda el\u00e9ctrica unida a las temperaturas c\u00e1lidas reduce el rendimiento de los equipos de la red el\u00e9ctrica. La \u00fanica soluci\u00f3n es reducir el volumen de gases de efecto invernadero que estamos introduciendo en la atm\u00f3sfera y reducir el volumen de los que ya se han emitido.<\/p>\n<p>La reducci\u00f3n de carbono m\u00e1s dr\u00e1stica debe venir de los gobiernos y las 100 empresas responsables del 71% de las emisiones. Sin embargo, podemos ayudar a impulsar este cambio y sentar un precedente para que otros lo sigan.<\/p>\n","protected":false},"excerpt":{"rendered":"<p>Veranos de r\u00e9cord En los \u00faltimos 20 a\u00f1os hemos sido testigos de veranos r\u00e9cord, pero este verano est\u00e1 demostrando m\u00e1s que nunca que nos encontramos en una situaci\u00f3n de emergencia clim\u00e1tica. Por primera vez en la historia, el Reino Unido recibi\u00f3 una alerta roja por calor extremo, ya que las temperaturas en algunas partes del&hellip; <a class=\"more-link\" href=\"https:\/\/climate-wise.com\/es\/las-olas-de-calor-extremas-de-este-verano-son-mas-que-una-llamada-de-atencion\/\">Seguir leyendo <span class=\"screen-reader-text\">Las olas de calor extremas de este verano son m\u00e1s que una llamada de atenci\u00f3n<\/span><\/a><\/p>\n","protected":false},"author":1,"featured_media":8785,"comment_status":"closed","ping_status":"closed","sticky":false,"template":"","format":"standard","meta":{"footnotes":""},"categories":[218],"tags":[],"class_list":["post-11133","post","type-post","status-publish","format-standard","has-post-thumbnail","hentry","category-noticias-y-articulos-es","entry"],"acf":[],"yoast_head":"<!-- This site is optimized with the Yoast SEO plugin v25.1 - https:\/\/yoast.com\/wordpress\/plugins\/seo\/ -->\n<title>Las olas de calor extremas de este verano son m\u00e1s que una llamada de atenci\u00f3n - Climate Wise<\/title>\n<meta name=\"description\" content=\"Veranos de r\u00e9cord En los \u00faltimos 20 a\u00f1os hemos sido testigos de veranos r\u00e9cord, pero este verano est\u00e1 demostrando m\u00e1s que nunca que nos encontramos en una\" \/>\n<meta name=\"robots\" content=\"index, follow, max-snippet:-1, max-image-preview:large, max-video-preview:-1\" \/>\n<link rel=\"canonical\" href=\"https:\/\/climate-wise.com\/extreme-heatwaves-this-summer-are-more-than-a-wake-up-call\/\" \/>\n<meta property=\"og:locale\" content=\"es_ES\" \/>\n<meta property=\"og:type\" content=\"article\" \/>\n<meta property=\"og:title\" content=\"Las olas de calor extremas de este verano son m\u00e1s que una llamada de atenci\u00f3n - Climate Wise\" \/>\n<meta property=\"og:description\" content=\"Veranos de r\u00e9cord En los \u00faltimos 20 a\u00f1os hemos sido testigos de veranos r\u00e9cord, pero este verano est\u00e1 demostrando m\u00e1s que nunca que nos encontramos en una\" \/>\n<meta property=\"og:url\" content=\"https:\/\/climate-wise.com\/extreme-heatwaves-this-summer-are-more-than-a-wake-up-call\/\" \/>\n<meta property=\"og:site_name\" content=\"Climate Wise\" \/>\n<meta property=\"article:published_time\" content=\"2022-08-08T19:49:48+00:00\" \/>\n<meta property=\"og:image\" content=\"https:\/\/climate-wise.com\/wp-content\/uploads\/2022\/08\/pexels-pixabay-237325.jpg\" \/>\n\t<meta property=\"og:image:width\" content=\"1921\" \/>\n\t<meta property=\"og:image:height\" content=\"1334\" \/>\n\t<meta property=\"og:image:type\" content=\"image\/jpeg\" \/>\n<meta name=\"author\" content=\"admin\" \/>\n<meta name=\"twitter:card\" content=\"summary_large_image\" \/>\n<meta name=\"twitter:label1\" content=\"Escrito por\" \/>\n\t<meta name=\"twitter:data1\" content=\"admin\" \/>\n\t<meta name=\"twitter:label2\" content=\"Tiempo de lectura\" \/>\n\t<meta name=\"twitter:data2\" content=\"3 minutos\" \/>\n<script type=\"application\/ld+json\" class=\"yoast-schema-graph\">{\"@context\":\"https:\/\/schema.org\",\"@graph\":[{\"@type\":\"Article\",\"@id\":\"https:\/\/climate-wise.com\/extreme-heatwaves-this-summer-are-more-than-a-wake-up-call\/#article\",\"isPartOf\":{\"@id\":\"https:\/\/climate-wise.com\/extreme-heatwaves-this-summer-are-more-than-a-wake-up-call\/\"},\"author\":{\"name\":\"admin\",\"@id\":\"https:\/\/climate-wise.com\/#\/schema\/person\/aead677193b48de5b5316c53668a703b\"},\"headline\":\"Las olas de calor extremas de este verano son m\u00e1s que una llamada de atenci\u00f3n\",\"datePublished\":\"2022-08-08T19:49:48+00:00\",\"mainEntityOfPage\":{\"@id\":\"https:\/\/climate-wise.com\/extreme-heatwaves-this-summer-are-more-than-a-wake-up-call\/\"},\"wordCount\":649,\"publisher\":{\"@id\":\"https:\/\/climate-wise.com\/#organization\"},\"image\":{\"@id\":\"https:\/\/climate-wise.com\/extreme-heatwaves-this-summer-are-more-than-a-wake-up-call\/#primaryimage\"},\"thumbnailUrl\":\"https:\/\/climate-wise.com\/wp-content\/uploads\/2022\/08\/pexels-pixabay-237325.jpg\",\"articleSection\":[\"Noticias y art\u00edculos\"],\"inLanguage\":\"es\"},{\"@type\":\"WebPage\",\"@id\":\"https:\/\/climate-wise.com\/extreme-heatwaves-this-summer-are-more-than-a-wake-up-call\/\",\"url\":\"https:\/\/climate-wise.com\/extreme-heatwaves-this-summer-are-more-than-a-wake-up-call\/\",\"name\":\"Las olas de calor extremas de este verano son m\u00e1s que una llamada de atenci\u00f3n - Climate Wise\",\"isPartOf\":{\"@id\":\"https:\/\/climate-wise.com\/#website\"},\"primaryImageOfPage\":{\"@id\":\"https:\/\/climate-wise.com\/extreme-heatwaves-this-summer-are-more-than-a-wake-up-call\/#primaryimage\"},\"image\":{\"@id\":\"https:\/\/climate-wise.com\/extreme-heatwaves-this-summer-are-more-than-a-wake-up-call\/#primaryimage\"},\"thumbnailUrl\":\"https:\/\/climate-wise.com\/wp-content\/uploads\/2022\/08\/pexels-pixabay-237325.jpg\",\"datePublished\":\"2022-08-08T19:49:48+00:00\",\"description\":\"Veranos de r\u00e9cord En los \u00faltimos 20 a\u00f1os hemos sido testigos de veranos r\u00e9cord, pero este verano est\u00e1 demostrando m\u00e1s que nunca que nos encontramos en una\",\"breadcrumb\":{\"@id\":\"https:\/\/climate-wise.com\/extreme-heatwaves-this-summer-are-more-than-a-wake-up-call\/#breadcrumb\"},\"inLanguage\":\"es\",\"potentialAction\":[{\"@type\":\"ReadAction\",\"target\":[\"https:\/\/climate-wise.com\/extreme-heatwaves-this-summer-are-more-than-a-wake-up-call\/\"]}]},{\"@type\":\"ImageObject\",\"inLanguage\":\"es\",\"@id\":\"https:\/\/climate-wise.com\/extreme-heatwaves-this-summer-are-more-than-a-wake-up-call\/#primaryimage\",\"url\":\"https:\/\/climate-wise.com\/wp-content\/uploads\/2022\/08\/pexels-pixabay-237325.jpg\",\"contentUrl\":\"https:\/\/climate-wise.com\/wp-content\/uploads\/2022\/08\/pexels-pixabay-237325.jpg\",\"width\":1921,\"height\":1334},{\"@type\":\"BreadcrumbList\",\"@id\":\"https:\/\/climate-wise.com\/extreme-heatwaves-this-summer-are-more-than-a-wake-up-call\/#breadcrumb\",\"itemListElement\":[{\"@type\":\"ListItem\",\"position\":1,\"name\":\"Home\",\"item\":\"https:\/\/climate-wise.com\/es\/\"},{\"@type\":\"ListItem\",\"position\":2,\"name\":\"Las olas de calor extremas de este verano son m\u00e1s que una llamada de atenci\u00f3n\"}]},{\"@type\":\"WebSite\",\"@id\":\"https:\/\/climate-wise.com\/#website\",\"url\":\"https:\/\/climate-wise.com\/\",\"name\":\"Climate Wise\",\"description\":\"\",\"publisher\":{\"@id\":\"https:\/\/climate-wise.com\/#organization\"},\"potentialAction\":[{\"@type\":\"SearchAction\",\"target\":{\"@type\":\"EntryPoint\",\"urlTemplate\":\"https:\/\/climate-wise.com\/?s={search_term_string}\"},\"query-input\":{\"@type\":\"PropertyValueSpecification\",\"valueRequired\":true,\"valueName\":\"search_term_string\"}}],\"inLanguage\":\"es\"},{\"@type\":\"Organization\",\"@id\":\"https:\/\/climate-wise.com\/#organization\",\"name\":\"Climate Wise\",\"url\":\"https:\/\/climate-wise.com\/\",\"logo\":{\"@type\":\"ImageObject\",\"inLanguage\":\"es\",\"@id\":\"https:\/\/climate-wise.com\/#\/schema\/logo\/image\/\",\"url\":\"https:\/\/climate-wise.com\/wp-content\/uploads\/2023\/10\/logo-5.png\",\"contentUrl\":\"https:\/\/climate-wise.com\/wp-content\/uploads\/2023\/10\/logo-5.png\",\"width\":209,\"height\":66,\"caption\":\"Climate Wise\"},\"image\":{\"@id\":\"https:\/\/climate-wise.com\/#\/schema\/logo\/image\/\"}},{\"@type\":\"Person\",\"@id\":\"https:\/\/climate-wise.com\/#\/schema\/person\/aead677193b48de5b5316c53668a703b\",\"name\":\"admin\",\"image\":{\"@type\":\"ImageObject\",\"inLanguage\":\"es\",\"@id\":\"https:\/\/climate-wise.com\/#\/schema\/person\/image\/\",\"url\":\"https:\/\/secure.gravatar.com\/avatar\/451c6384c33b95916bf7038c507ca6e045e0739ac7080a94c38710690a73235a?s=96&d=mm&r=g\",\"contentUrl\":\"https:\/\/secure.gravatar.com\/avatar\/451c6384c33b95916bf7038c507ca6e045e0739ac7080a94c38710690a73235a?s=96&d=mm&r=g\",\"caption\":\"admin\"},\"sameAs\":[\"https:\/\/climate-wise.com\"],\"url\":\"https:\/\/climate-wise.com\/es\/author\/admin\/\"}]}<\/script>\n<!-- \/ Yoast SEO plugin. -->","yoast_head_json":{"title":"Las olas de calor extremas de este verano son m\u00e1s que una llamada de atenci\u00f3n - Climate Wise","description":"Veranos de r\u00e9cord En los \u00faltimos 20 a\u00f1os hemos sido testigos de veranos r\u00e9cord, pero este verano est\u00e1 demostrando m\u00e1s que nunca que nos encontramos en una","robots":{"index":"index","follow":"follow","max-snippet":"max-snippet:-1","max-image-preview":"max-image-preview:large","max-video-preview":"max-video-preview:-1"},"canonical":"https:\/\/climate-wise.com\/extreme-heatwaves-this-summer-are-more-than-a-wake-up-call\/","og_locale":"es_ES","og_type":"article","og_title":"Las olas de calor extremas de este verano son m\u00e1s que una llamada de atenci\u00f3n - Climate Wise","og_description":"Veranos de r\u00e9cord En los \u00faltimos 20 a\u00f1os hemos sido testigos de veranos r\u00e9cord, pero este verano est\u00e1 demostrando m\u00e1s que nunca que nos encontramos en una","og_url":"https:\/\/climate-wise.com\/extreme-heatwaves-this-summer-are-more-than-a-wake-up-call\/","og_site_name":"Climate Wise","article_published_time":"2022-08-08T19:49:48+00:00","og_image":[{"width":1921,"height":1334,"url":"https:\/\/climate-wise.com\/wp-content\/uploads\/2022\/08\/pexels-pixabay-237325.jpg","type":"image\/jpeg"}],"author":"admin","twitter_card":"summary_large_image","twitter_misc":{"Escrito por":"admin","Tiempo de lectura":"3 minutos"},"schema":{"@context":"https:\/\/schema.org","@graph":[{"@type":"Article","@id":"https:\/\/climate-wise.com\/extreme-heatwaves-this-summer-are-more-than-a-wake-up-call\/#article","isPartOf":{"@id":"https:\/\/climate-wise.com\/extreme-heatwaves-this-summer-are-more-than-a-wake-up-call\/"},"author":{"name":"admin","@id":"https:\/\/climate-wise.com\/#\/schema\/person\/aead677193b48de5b5316c53668a703b"},"headline":"Las olas de calor extremas de este verano son m\u00e1s que una llamada de atenci\u00f3n","datePublished":"2022-08-08T19:49:48+00:00","mainEntityOfPage":{"@id":"https:\/\/climate-wise.com\/extreme-heatwaves-this-summer-are-more-than-a-wake-up-call\/"},"wordCount":649,"publisher":{"@id":"https:\/\/climate-wise.com\/#organization"},"image":{"@id":"https:\/\/climate-wise.com\/extreme-heatwaves-this-summer-are-more-than-a-wake-up-call\/#primaryimage"},"thumbnailUrl":"https:\/\/climate-wise.com\/wp-content\/uploads\/2022\/08\/pexels-pixabay-237325.jpg","articleSection":["Noticias y art\u00edculos"],"inLanguage":"es"},{"@type":"WebPage","@id":"https:\/\/climate-wise.com\/extreme-heatwaves-this-summer-are-more-than-a-wake-up-call\/","url":"https:\/\/climate-wise.com\/extreme-heatwaves-this-summer-are-more-than-a-wake-up-call\/","name":"Las olas de calor extremas de este verano son m\u00e1s que una llamada de atenci\u00f3n - Climate Wise","isPartOf":{"@id":"https:\/\/climate-wise.com\/#website"},"primaryImageOfPage":{"@id":"https:\/\/climate-wise.com\/extreme-heatwaves-this-summer-are-more-than-a-wake-up-call\/#primaryimage"},"image":{"@id":"https:\/\/climate-wise.com\/extreme-heatwaves-this-summer-are-more-than-a-wake-up-call\/#primaryimage"},"thumbnailUrl":"https:\/\/climate-wise.com\/wp-content\/uploads\/2022\/08\/pexels-pixabay-237325.jpg","datePublished":"2022-08-08T19:49:48+00:00","description":"Veranos de r\u00e9cord En los \u00faltimos 20 a\u00f1os hemos sido testigos de veranos r\u00e9cord, pero este verano est\u00e1 demostrando m\u00e1s que nunca que nos encontramos en una","breadcrumb":{"@id":"https:\/\/climate-wise.com\/extreme-heatwaves-this-summer-are-more-than-a-wake-up-call\/#breadcrumb"},"inLanguage":"es","potentialAction":[{"@type":"ReadAction","target":["https:\/\/climate-wise.com\/extreme-heatwaves-this-summer-are-more-than-a-wake-up-call\/"]}]},{"@type":"ImageObject","inLanguage":"es","@id":"https:\/\/climate-wise.com\/extreme-heatwaves-this-summer-are-more-than-a-wake-up-call\/#primaryimage","url":"https:\/\/climate-wise.com\/wp-content\/uploads\/2022\/08\/pexels-pixabay-237325.jpg","contentUrl":"https:\/\/climate-wise.com\/wp-content\/uploads\/2022\/08\/pexels-pixabay-237325.jpg","width":1921,"height":1334},{"@type":"BreadcrumbList","@id":"https:\/\/climate-wise.com\/extreme-heatwaves-this-summer-are-more-than-a-wake-up-call\/#breadcrumb","itemListElement":[{"@type":"ListItem","position":1,"name":"Home","item":"https:\/\/climate-wise.com\/es\/"},{"@type":"ListItem","position":2,"name":"Las olas de calor extremas de este verano son m\u00e1s que una llamada de atenci\u00f3n"}]},{"@type":"WebSite","@id":"https:\/\/climate-wise.com\/#website","url":"https:\/\/climate-wise.com\/","name":"Climate Wise","description":"","publisher":{"@id":"https:\/\/climate-wise.com\/#organization"},"potentialAction":[{"@type":"SearchAction","target":{"@type":"EntryPoint","urlTemplate":"https:\/\/climate-wise.com\/?s={search_term_string}"},"query-input":{"@type":"PropertyValueSpecification","valueRequired":true,"valueName":"search_term_string"}}],"inLanguage":"es"},{"@type":"Organization","@id":"https:\/\/climate-wise.com\/#organization","name":"Climate Wise","url":"https:\/\/climate-wise.com\/","logo":{"@type":"ImageObject","inLanguage":"es","@id":"https:\/\/climate-wise.com\/#\/schema\/logo\/image\/","url":"https:\/\/climate-wise.com\/wp-content\/uploads\/2023\/10\/logo-5.png","contentUrl":"https:\/\/climate-wise.com\/wp-content\/uploads\/2023\/10\/logo-5.png","width":209,"height":66,"caption":"Climate Wise"},"image":{"@id":"https:\/\/climate-wise.com\/#\/schema\/logo\/image\/"}},{"@type":"Person","@id":"https:\/\/climate-wise.com\/#\/schema\/person\/aead677193b48de5b5316c53668a703b","name":"admin","image":{"@type":"ImageObject","inLanguage":"es","@id":"https:\/\/climate-wise.com\/#\/schema\/person\/image\/","url":"https:\/\/secure.gravatar.com\/avatar\/451c6384c33b95916bf7038c507ca6e045e0739ac7080a94c38710690a73235a?s=96&d=mm&r=g","contentUrl":"https:\/\/secure.gravatar.com\/avatar\/451c6384c33b95916bf7038c507ca6e045e0739ac7080a94c38710690a73235a?s=96&d=mm&r=g","caption":"admin"},"sameAs":["https:\/\/climate-wise.com"],"url":"https:\/\/climate-wise.com\/es\/author\/admin\/"}]}},"post_mailing_queue_ids":[],"_links":{"self":[{"href":"https:\/\/climate-wise.com\/es\/wp-json\/wp\/v2\/posts\/11133","targetHints":{"allow":["GET"]}}],"collection":[{"href":"https:\/\/climate-wise.com\/es\/wp-json\/wp\/v2\/posts"}],"about":[{"href":"https:\/\/climate-wise.com\/es\/wp-json\/wp\/v2\/types\/post"}],"author":[{"embeddable":true,"href":"https:\/\/climate-wise.com\/es\/wp-json\/wp\/v2\/users\/1"}],"replies":[{"embeddable":true,"href":"https:\/\/climate-wise.com\/es\/wp-json\/wp\/v2\/comments?post=11133"}],"version-history":[{"count":0,"href":"https:\/\/climate-wise.com\/es\/wp-json\/wp\/v2\/posts\/11133\/revisions"}],"wp:featuredmedia":[{"embeddable":true,"href":"https:\/\/climate-wise.com\/es\/wp-json\/wp\/v2\/media\/8785"}],"wp:attachment":[{"href":"https:\/\/climate-wise.com\/es\/wp-json\/wp\/v2\/media?parent=11133"}],"wp:term":[{"taxonomy":"category","embeddable":true,"href":"https:\/\/climate-wise.com\/es\/wp-json\/wp\/v2\/categories?post=11133"},{"taxonomy":"post_tag","embeddable":true,"href":"https:\/\/climate-wise.com\/es\/wp-json\/wp\/v2\/tags?post=11133"}],"curies":[{"name":"wp","href":"https:\/\/api.w.org\/{rel}","templated":true}]}}