{"id":11392,"date":"2021-10-06T13:39:59","date_gmt":"2021-10-06T13:39:59","guid":{"rendered":"https:\/\/climate-wise.com\/el-cambio-climatico-cronologia\/"},"modified":"2021-10-06T13:39:59","modified_gmt":"2021-10-06T13:39:59","slug":"el-cambio-climatico-cronologia","status":"publish","type":"post","link":"https:\/\/climate-wise.com\/es\/el-cambio-climatico-cronologia\/","title":{"rendered":"El cambio clim\u00e1tico: Cronolog\u00eda"},"content":{"rendered":"<p>El clima siempre ha estado cambiando, sin embargo, en la historia de la civilizaci\u00f3n humana, los cambios actuales que estamos experimentando son particularmente alarmantes. Principalmente porque el clima nunca ha cambiado tan r\u00e1pidamente. A continuaci\u00f3n presentamos una cronolog\u00eda de los acontecimientos que ponen de relieve los principales cambios clim\u00e1ticos y las acciones resultantes que se han emprendido.<\/p>\n<p><strong><img loading=\"lazy\" decoding=\"async\" class=\"size-medium wp-image-10643 alignright\" src=\"https:\/\/climate-wise.com\/wp-content\/uploads\/2021\/10\/pawel-czerwinski-LDi9F6oGojQ-unsplash-300x200.jpg\" alt=\"\" width=\"300\" height=\"200\" srcset=\"https:\/\/climate-wise.com\/wp-content\/uploads\/2021\/10\/pawel-czerwinski-LDi9F6oGojQ-unsplash-300x200.jpg 300w, https:\/\/climate-wise.com\/wp-content\/uploads\/2021\/10\/pawel-czerwinski-LDi9F6oGojQ-unsplash-1024x684.jpg 1024w, https:\/\/climate-wise.com\/wp-content\/uploads\/2021\/10\/pawel-czerwinski-LDi9F6oGojQ-unsplash-768x513.jpg 768w, https:\/\/climate-wise.com\/wp-content\/uploads\/2021\/10\/pawel-czerwinski-LDi9F6oGojQ-unsplash-1536x1026.jpg 1536w, https:\/\/climate-wise.com\/wp-content\/uploads\/2021\/10\/pawel-czerwinski-LDi9F6oGojQ-unsplash-1568x1048.jpg 1568w, https:\/\/climate-wise.com\/wp-content\/uploads\/2021\/10\/pawel-czerwinski-LDi9F6oGojQ-unsplash-600x401.jpg 600w, https:\/\/climate-wise.com\/wp-content\/uploads\/2021\/10\/pawel-czerwinski-LDi9F6oGojQ-unsplash.jpg 1919w\" sizes=\"auto, (max-width: 300px) 100vw, 300px\" \/>1800s<\/strong><br \/>\n1824 &#8211; Joseph Fourier, matem\u00e1tico y f\u00edsico franc\u00e9s, bautiz\u00f3 el \u00abefecto invernadero\u00bb natural de la Tierra por su similitud con el modo en que un invernadero retiene el calor absorbiendo radiaci\u00f3n infrarroja y emitiendo parte de ella de vuelta al invernadero para mantener la temperatura.<\/p>\n<p>1896 &#8211; Svante Arrhenius, cient\u00edfico sueco, identifica que la combusti\u00f3n de carb\u00f3n en la era industrial potenciar\u00e1 el efecto invernadero natural. Lleg\u00f3 a la conclusi\u00f3n de que tales acontecimientos podr\u00edan duplicar<sub>el CO2 atmos<\/sub> f\u00e9rico y provocar un aumento de la temperatura.<\/p>\n<p><strong>1900s<\/strong><br \/>\n1938 &#8211; Guy Callendar identific\u00f3 el \u00abefecto Callendar\u00bb y demostr\u00f3 que las temperaturas hab\u00edan aumentado durante el siglo anterior utilizando los registros de 147 estaciones meteorol\u00f3gicas de todo el mundo. Relaciona el aumento de las concentraciones<sub>de CO2<\/sub> con el mayor calentamiento experimentado.<\/p>\n<p>1955 &#8211; Gilbert Plass, f\u00edsico canadiense, determina que duplicar las concentraciones<sub>de CO2<\/sub> aumentar\u00eda las temperaturas entre 3 y 4 grados cent\u00edgrados analizando la absorci\u00f3n de infrarrojos de varios gases.<\/p>\n<p><img loading=\"lazy\" decoding=\"async\" class=\"alignleft size-medium wp-image-10648\" src=\"https:\/\/climate-wise.com\/wp-content\/uploads\/2021\/10\/daniel-gregoire-0XUuh7gEHuo-unsplash-300x169.jpg\" alt=\"\" width=\"300\" height=\"169\" srcset=\"https:\/\/climate-wise.com\/wp-content\/uploads\/2021\/10\/daniel-gregoire-0XUuh7gEHuo-unsplash-300x169.jpg 300w, https:\/\/climate-wise.com\/wp-content\/uploads\/2021\/10\/daniel-gregoire-0XUuh7gEHuo-unsplash-1024x575.jpg 1024w, https:\/\/climate-wise.com\/wp-content\/uploads\/2021\/10\/daniel-gregoire-0XUuh7gEHuo-unsplash-768x431.jpg 768w, https:\/\/climate-wise.com\/wp-content\/uploads\/2021\/10\/daniel-gregoire-0XUuh7gEHuo-unsplash-1536x863.jpg 1536w, https:\/\/climate-wise.com\/wp-content\/uploads\/2021\/10\/daniel-gregoire-0XUuh7gEHuo-unsplash-1568x881.jpg 1568w, https:\/\/climate-wise.com\/wp-content\/uploads\/2021\/10\/daniel-gregoire-0XUuh7gEHuo-unsplash-600x337.jpg 600w, https:\/\/climate-wise.com\/wp-content\/uploads\/2021\/10\/daniel-gregoire-0XUuh7gEHuo-unsplash.jpg 1921w\" sizes=\"auto, (max-width: 300px) 100vw, 300px\" \/>1958 &#8211; David Keeling, cient\u00edfico estadounidense, comienza a registrar datos sobre el<sub>CO2 en <\/sub>la atm\u00f3sfera en Mauna Loa. En cuatro a\u00f1os de seguimiento, el proyecto aport\u00f3 la primera prueba irrefutable de que las concentraciones de<sub>CO2<\/sub> est\u00e1n aumentando.<\/p>\n<p>1972 &#8211; Primera conferencia de la ONU sobre medio ambiente, en Estocolmo, donde se crea el Programa de las Naciones Unidas para el Medio Ambiente (PNUMA). Sin embargo, la atenci\u00f3n se centr\u00f3 en cuestiones como la contaminaci\u00f3n qu\u00edmica, las pruebas con bombas at\u00f3micas y la caza de ballenas, m\u00e1s que en el cambio clim\u00e1tico.<\/p>\n<p>1987 &#8211; Se acuerda el Protocolo de Montreal, que restringe las sustancias qu\u00edmicas que da\u00f1an la capa de ozono. Aunque no se estableci\u00f3 pensando en el cambio clim\u00e1tico, su impacto en las emisiones de gases de efecto invernadero ha sido mayor que el del futuro Protocolo de Kioto.<\/p>\n<p>1988 &#8211; Se crea el Grupo Intergubernamental de Expertos sobre el Cambio Clim\u00e1tico (IPCC), dependiente del PNUMA, para recopilar y evaluar datos sobre el cambio clim\u00e1tico.<\/p>\n<p>1989 &#8211; La Primera Ministra del Reino Unido, Margaret Thatcher, advierte en un discurso ante la ONU que el di\u00f3xido de carbono en la atm\u00f3sfera est\u00e1 aumentando a un ritmo alarmante y puede provocar graves cambios en el futuro.<\/p>\n<p>1990 &#8211; Primer Informe de Evaluaci\u00f3n elaborado por el IPCC. La conclusi\u00f3n es que la temperatura mundial ha aumentado entre 0,3 y 0,6 \u00baC en el \u00faltimo siglo y que las emisiones humanas se suman al complemento natural de gases de efecto invernadero de la atm\u00f3sfera, lo que previsiblemente provocar\u00e1 un calentamiento.<\/p>\n<p>1992 &#8211; Se celebra en R\u00edo de Janeiro la Cumbre de la Tierra, en la que los gobiernos acuerdan la Convenci\u00f3n Marco de las Naciones Unidas sobre el Cambio Clim\u00e1tico. Su objetivo clave es \u00abla estabilizaci\u00f3n de las concentraciones de gases de efecto invernadero en la atm\u00f3sfera a un nivel que impida interferencias antropog\u00e9nicas peligrosas en el sistema clim\u00e1tico\u00bb. En la Cumbre, los pa\u00edses desarrollados acordaron volver a situar sus emisiones en los niveles de 1990.<\/p>\n<p><img loading=\"lazy\" decoding=\"async\" class=\"size-medium wp-image-10652 alignright\" src=\"https:\/\/climate-wise.com\/wp-content\/uploads\/2021\/10\/matthew-tenbruggencate-0HJWobhGhJs-unsplash-300x200.jpg\" alt=\"\" width=\"300\" height=\"200\" srcset=\"https:\/\/climate-wise.com\/wp-content\/uploads\/2021\/10\/matthew-tenbruggencate-0HJWobhGhJs-unsplash-300x200.jpg 300w, https:\/\/climate-wise.com\/wp-content\/uploads\/2021\/10\/matthew-tenbruggencate-0HJWobhGhJs-unsplash-1024x682.jpg 1024w, https:\/\/climate-wise.com\/wp-content\/uploads\/2021\/10\/matthew-tenbruggencate-0HJWobhGhJs-unsplash-768x512.jpg 768w, https:\/\/climate-wise.com\/wp-content\/uploads\/2021\/10\/matthew-tenbruggencate-0HJWobhGhJs-unsplash-1536x1023.jpg 1536w, https:\/\/climate-wise.com\/wp-content\/uploads\/2021\/10\/matthew-tenbruggencate-0HJWobhGhJs-unsplash-1568x1045.jpg 1568w, https:\/\/climate-wise.com\/wp-content\/uploads\/2021\/10\/matthew-tenbruggencate-0HJWobhGhJs-unsplash-600x400.jpg 600w, https:\/\/climate-wise.com\/wp-content\/uploads\/2021\/10\/matthew-tenbruggencate-0HJWobhGhJs-unsplash.jpg 1921w\" sizes=\"auto, (max-width: 300px) 100vw, 300px\" \/>1995 &#8211; Segundo Informe de Evaluaci\u00f3n elaborado por el IPCC. Concluy\u00f3 que el balance de las pruebas sugiere \u00abuna influencia humana discernible\u00bb en el clima de la Tierra, posiblemente la primera declaraci\u00f3n definitiva que responsabiliza al ser humano del cambio clim\u00e1tico.<\/p>\n<p>1997 &#8211; Se acuerda el Protocolo de Kioto. En \u00e9l, los pa\u00edses desarrollados se comprometen a reducir sus emisiones una media del 5% de aqu\u00ed a 2008-12, con grandes variaciones en los objetivos de cada pa\u00eds.<strong> <\/strong><\/p>\n<p><strong>2000s<\/strong><br \/>\n2001 &#8211; Tercer Informe de Evaluaci\u00f3n elaborado por el IPCC. Afirm\u00f3 haber encontrado \u00abpruebas nuevas y m\u00e1s s\u00f3lidas\u00bb de que las emisiones de gases de efecto invernadero por parte de la humanidad son la principal causa del calentamiento observado en la segunda mitad del siglo XX.<\/p>\n<p>2006 &#8211; El economista Nicholas Stern publica el Informe Stern en el que concluye que el cambio clim\u00e1tico podr\u00eda da\u00f1ar el PIB mundial hasta un 20% si no se toman medidas. Sin embargo, frenarlo costar\u00eda aproximadamente el 1% del PIB mundial.<\/p>\n<p>2007 &#8211; Cuarto Informe de Evaluaci\u00f3n elaborado por el IPCC. Concluy\u00f3 que es m\u00e1s de un 90% probable que las emisiones humanas de gases de efecto invernadero sean responsables del cambio clim\u00e1tico actual.<\/p>\n<p>2009 &#8211; Se celebra la Cumbre del Clima de la ONU en Copenhague, donde 192 gobiernos se re\u00fanen con la expectativa de alcanzar un nuevo acuerdo mundial. Sin embargo, s\u00f3lo se marcharon con una controvertida declaraci\u00f3n pol\u00edtica, el Acuerdo de Copenhague.<\/p>\n<p>2010 &#8211; Los pa\u00edses desarrollados firman un acuerdo trienal de \u00abfinanciaci\u00f3n inmediata\u00bb por el que aportan 30.000 millones de d\u00f3lares para ayudarles a \u00abecologizar\u00bb sus econom\u00edas y adaptarse a los efectos del cambio clim\u00e1tico.<\/p>\n<p>2012 &#8211; Desde que en 1979 comenzaron a realizarse mediciones por sat\u00e9lite del hielo del mar \u00c1rtico, \u00e9ste alcanz\u00f3 una extensi\u00f3n m\u00ednima de 3,41 millones de km2 (1,32 millones de mi2), lo que supone un r\u00e9cord de cobertura estival m\u00ednima.<\/p>\n<p>2013 &#8211; El Observatorio de Mauna Loa creado por David Keeling informa de que la concentraci\u00f3n media diaria de<sub>CO2<\/sub> en la atm\u00f3sfera ha superado las 400 partes por mill\u00f3n (ppm) por primera vez desde que comenzaron las mediciones en 1958.<\/p>\n<p>2013 &#8211; Quinto Informe de Evaluaci\u00f3n elaborado por el IPCC. En \u00e9l se afirma que los cient\u00edficos est\u00e1n seguros en un 95% de que el ser humano es la \u00abcausa dominante\u00bb del calentamiento global desde la d\u00e9cada de 1950.<\/p>\n<p><img loading=\"lazy\" decoding=\"async\" class=\"size-medium wp-image-10656 alignright\" src=\"https:\/\/climate-wise.com\/wp-content\/uploads\/2021\/10\/roxanne-desgagnes-qbtyUQtqJ8k-unsplash-2-300x200.jpg\" alt=\"\" width=\"300\" height=\"200\" srcset=\"https:\/\/climate-wise.com\/wp-content\/uploads\/2021\/10\/roxanne-desgagnes-qbtyUQtqJ8k-unsplash-2-300x200.jpg 300w, https:\/\/climate-wise.com\/wp-content\/uploads\/2021\/10\/roxanne-desgagnes-qbtyUQtqJ8k-unsplash-2-1024x682.jpg 1024w, https:\/\/climate-wise.com\/wp-content\/uploads\/2021\/10\/roxanne-desgagnes-qbtyUQtqJ8k-unsplash-2-768x512.jpg 768w, https:\/\/climate-wise.com\/wp-content\/uploads\/2021\/10\/roxanne-desgagnes-qbtyUQtqJ8k-unsplash-2-1536x1023.jpg 1536w, https:\/\/climate-wise.com\/wp-content\/uploads\/2021\/10\/roxanne-desgagnes-qbtyUQtqJ8k-unsplash-2-1568x1045.jpg 1568w, https:\/\/climate-wise.com\/wp-content\/uploads\/2021\/10\/roxanne-desgagnes-qbtyUQtqJ8k-unsplash-2-600x400.jpg 600w, https:\/\/climate-wise.com\/wp-content\/uploads\/2021\/10\/roxanne-desgagnes-qbtyUQtqJ8k-unsplash-2.jpg 1921w\" sizes=\"auto, (max-width: 300px) 100vw, 300px\" \/>2015 &#8211; Seg\u00fan los investigadores, el colapso de la capa de hielo de la Ant\u00e1rtida Occidental puede ser irreversible y provocar un aumento del nivel del mar de varios metros en los pr\u00f3ximos siglos. Se celebra el Acuerdo de Par\u00eds, por el que casi todas las naciones se comprometen a fijar sus propios objetivos de reducci\u00f3n de gases de efecto invernadero y a informar de sus progresos.<\/p>\n<p>2019 &#8211; Las noticias sobre cat\u00e1strofes naturales y la intensificaci\u00f3n de las advertencias cient\u00edficas siguen suscitando preocupaci\u00f3n, especialmente entre los m\u00e1s j\u00f3venes, y provocan manifestaciones p\u00fablicas.<\/p>\n<p>2020 &#8211; 2020 es el a\u00f1o m\u00e1s c\u00e1lido registrado, seg\u00fan datos de diferentes fuentes, incluida la NASA. A pesar de la pandemia, en los nueve primeros meses del a\u00f1o se registraron concentraciones r\u00e9cord de los principales gases de efecto invernadero, como<sub>el CO2<\/sub>, el metano y el \u00f3xido nitroso. La extensi\u00f3n del hielo del mar \u00c1rtico tambi\u00e9n se situ\u00f3 en niveles m\u00ednimos hist\u00f3ricos durante gran parte del verano.<\/p>\n<p>2021 &#8211; Sexto Informe de Evaluaci\u00f3n elaborado por el IPCC. Concluye que \u00ablas pruebas cient\u00edficas del calentamiento del sistema clim\u00e1tico son inequ\u00edvocas\u00bb. Los efectos del cambio clim\u00e1tico se intensifican en forma de fen\u00f3menos meteorol\u00f3gicos extremos, aumento de las temperaturas, calentamiento de los oc\u00e9anos, retroceso de los glaciares y reducci\u00f3n de la capa de nieve. Tenemos menos de 10 a\u00f1os para desviar un completo colapso clim\u00e1tico.<strong> <\/strong><\/p>\n<p><strong><img loading=\"lazy\" decoding=\"async\" class=\"alignleft size-medium wp-image-10660\" src=\"https:\/\/climate-wise.com\/wp-content\/uploads\/2021\/10\/mika-baumeister-ctUIyfOyWsE-unsplash-300x200.jpg\" alt=\"\" width=\"300\" height=\"200\" srcset=\"https:\/\/climate-wise.com\/wp-content\/uploads\/2021\/10\/mika-baumeister-ctUIyfOyWsE-unsplash-300x200.jpg 300w, https:\/\/climate-wise.com\/wp-content\/uploads\/2021\/10\/mika-baumeister-ctUIyfOyWsE-unsplash-1024x682.jpg 1024w, https:\/\/climate-wise.com\/wp-content\/uploads\/2021\/10\/mika-baumeister-ctUIyfOyWsE-unsplash-768x512.jpg 768w, https:\/\/climate-wise.com\/wp-content\/uploads\/2021\/10\/mika-baumeister-ctUIyfOyWsE-unsplash-1536x1023.jpg 1536w, https:\/\/climate-wise.com\/wp-content\/uploads\/2021\/10\/mika-baumeister-ctUIyfOyWsE-unsplash-1568x1045.jpg 1568w, https:\/\/climate-wise.com\/wp-content\/uploads\/2021\/10\/mika-baumeister-ctUIyfOyWsE-unsplash-600x400.jpg 600w, https:\/\/climate-wise.com\/wp-content\/uploads\/2021\/10\/mika-baumeister-ctUIyfOyWsE-unsplash.jpg 1920w\" sizes=\"auto, (max-width: 300px) 100vw, 300px\" \/>\u00bfY ahora qu\u00e9?  <\/strong><br \/>\nComo se ha visto, sabemos desde hace muchas d\u00e9cadas que la Tierra responder\u00eda negativamente al aumento de las concentraciones<sub>de CO2<\/sub>, sin embargo, no se ha tomado ninguna medida importante. Se requieren objetivos m\u00e1s estrictos para que los pa\u00edses garanticen que limitamos el calentamiento global a 1,5 grados cent\u00edgrados. Tambi\u00e9n debemos hacer lo posible para reducir este inminente aumento de la temperatura. Cada acci\u00f3n, por peque\u00f1a que sea, marca la diferencia: compensar tus emisiones de carbono es el primer paso para participar en la acci\u00f3n por el clima.<\/p>\n","protected":false},"excerpt":{"rendered":"<p>El clima siempre ha estado cambiando, sin embargo, en la historia de la civilizaci\u00f3n humana, los cambios actuales que estamos experimentando son particularmente alarmantes. Principalmente porque el clima nunca ha cambiado tan r\u00e1pidamente. A continuaci\u00f3n presentamos una cronolog\u00eda de los acontecimientos que ponen de relieve los principales cambios clim\u00e1ticos y las acciones resultantes que se&hellip; <a class=\"more-link\" href=\"https:\/\/climate-wise.com\/es\/el-cambio-climatico-cronologia\/\">Seguir leyendo <span class=\"screen-reader-text\">El cambio clim\u00e1tico: Cronolog\u00eda<\/span><\/a><\/p>\n","protected":false},"author":1,"featured_media":8887,"comment_status":"closed","ping_status":"closed","sticky":false,"template":"","format":"standard","meta":{"footnotes":""},"categories":[218],"tags":[],"class_list":["post-11392","post","type-post","status-publish","format-standard","has-post-thumbnail","hentry","category-noticias-y-articulos-es","entry"],"acf":[],"yoast_head":"<!-- This site is optimized with the Yoast SEO plugin v25.1 - https:\/\/yoast.com\/wordpress\/plugins\/seo\/ -->\n<title>El cambio clim\u00e1tico: Cronolog\u00eda - Climate Wise<\/title>\n<meta name=\"description\" content=\"El clima siempre ha estado cambiando, sin embargo, en la historia de la civilizaci\u00f3n humana, los cambios actuales que estamos experimentando son\" \/>\n<meta name=\"robots\" content=\"index, follow, max-snippet:-1, max-image-preview:large, max-video-preview:-1\" \/>\n<link rel=\"canonical\" href=\"https:\/\/climate-wise.com\/climate-change-a-timeline-2\/\" \/>\n<meta property=\"og:locale\" content=\"es_ES\" \/>\n<meta property=\"og:type\" content=\"article\" \/>\n<meta property=\"og:title\" content=\"El cambio clim\u00e1tico: Cronolog\u00eda - Climate Wise\" \/>\n<meta property=\"og:description\" content=\"El clima siempre ha estado cambiando, sin embargo, en la historia de la civilizaci\u00f3n humana, los cambios actuales que estamos experimentando son\" \/>\n<meta property=\"og:url\" content=\"https:\/\/climate-wise.com\/climate-change-a-timeline-2\/\" \/>\n<meta property=\"og:site_name\" content=\"Climate Wise\" \/>\n<meta property=\"article:published_time\" content=\"2021-10-06T13:39:59+00:00\" \/>\n<meta property=\"og:image\" content=\"https:\/\/climate-wise.com\/wp-content\/uploads\/2021\/10\/roxanne-desgagnes-qbtyUQtqJ8k-unsplash-1.jpg\" \/>\n\t<meta property=\"og:image:width\" content=\"1921\" \/>\n\t<meta property=\"og:image:height\" content=\"1280\" \/>\n\t<meta property=\"og:image:type\" content=\"image\/jpeg\" \/>\n<meta name=\"author\" content=\"admin\" \/>\n<meta name=\"twitter:card\" content=\"summary_large_image\" \/>\n<meta name=\"twitter:label1\" content=\"Escrito por\" \/>\n\t<meta name=\"twitter:data1\" content=\"admin\" \/>\n\t<meta name=\"twitter:label2\" content=\"Tiempo de lectura\" \/>\n\t<meta name=\"twitter:data2\" content=\"7 minutos\" \/>\n<script type=\"application\/ld+json\" class=\"yoast-schema-graph\">{\"@context\":\"https:\/\/schema.org\",\"@graph\":[{\"@type\":\"Article\",\"@id\":\"https:\/\/climate-wise.com\/climate-change-a-timeline-2\/#article\",\"isPartOf\":{\"@id\":\"https:\/\/climate-wise.com\/climate-change-a-timeline-2\/\"},\"author\":{\"name\":\"admin\",\"@id\":\"https:\/\/climate-wise.com\/#\/schema\/person\/aead677193b48de5b5316c53668a703b\"},\"headline\":\"El cambio clim\u00e1tico: Cronolog\u00eda\",\"datePublished\":\"2021-10-06T13:39:59+00:00\",\"mainEntityOfPage\":{\"@id\":\"https:\/\/climate-wise.com\/climate-change-a-timeline-2\/\"},\"wordCount\":1341,\"publisher\":{\"@id\":\"https:\/\/climate-wise.com\/#organization\"},\"image\":{\"@id\":\"https:\/\/climate-wise.com\/climate-change-a-timeline-2\/#primaryimage\"},\"thumbnailUrl\":\"https:\/\/climate-wise.com\/wp-content\/uploads\/2021\/10\/roxanne-desgagnes-qbtyUQtqJ8k-unsplash-1.jpg\",\"articleSection\":[\"Noticias y art\u00edculos\"],\"inLanguage\":\"es\"},{\"@type\":\"WebPage\",\"@id\":\"https:\/\/climate-wise.com\/climate-change-a-timeline-2\/\",\"url\":\"https:\/\/climate-wise.com\/climate-change-a-timeline-2\/\",\"name\":\"El cambio clim\u00e1tico: Cronolog\u00eda - Climate Wise\",\"isPartOf\":{\"@id\":\"https:\/\/climate-wise.com\/#website\"},\"primaryImageOfPage\":{\"@id\":\"https:\/\/climate-wise.com\/climate-change-a-timeline-2\/#primaryimage\"},\"image\":{\"@id\":\"https:\/\/climate-wise.com\/climate-change-a-timeline-2\/#primaryimage\"},\"thumbnailUrl\":\"https:\/\/climate-wise.com\/wp-content\/uploads\/2021\/10\/roxanne-desgagnes-qbtyUQtqJ8k-unsplash-1.jpg\",\"datePublished\":\"2021-10-06T13:39:59+00:00\",\"description\":\"El clima siempre ha estado cambiando, sin embargo, en la historia de la civilizaci\u00f3n humana, los cambios actuales que estamos experimentando son\",\"breadcrumb\":{\"@id\":\"https:\/\/climate-wise.com\/climate-change-a-timeline-2\/#breadcrumb\"},\"inLanguage\":\"es\",\"potentialAction\":[{\"@type\":\"ReadAction\",\"target\":[\"https:\/\/climate-wise.com\/climate-change-a-timeline-2\/\"]}]},{\"@type\":\"ImageObject\",\"inLanguage\":\"es\",\"@id\":\"https:\/\/climate-wise.com\/climate-change-a-timeline-2\/#primaryimage\",\"url\":\"https:\/\/climate-wise.com\/wp-content\/uploads\/2021\/10\/roxanne-desgagnes-qbtyUQtqJ8k-unsplash-1.jpg\",\"contentUrl\":\"https:\/\/climate-wise.com\/wp-content\/uploads\/2021\/10\/roxanne-desgagnes-qbtyUQtqJ8k-unsplash-1.jpg\",\"width\":1921,\"height\":1280},{\"@type\":\"BreadcrumbList\",\"@id\":\"https:\/\/climate-wise.com\/climate-change-a-timeline-2\/#breadcrumb\",\"itemListElement\":[{\"@type\":\"ListItem\",\"position\":1,\"name\":\"Home\",\"item\":\"https:\/\/climate-wise.com\/es\/\"},{\"@type\":\"ListItem\",\"position\":2,\"name\":\"El cambio clim\u00e1tico: Cronolog\u00eda\"}]},{\"@type\":\"WebSite\",\"@id\":\"https:\/\/climate-wise.com\/#website\",\"url\":\"https:\/\/climate-wise.com\/\",\"name\":\"Climate Wise\",\"description\":\"\",\"publisher\":{\"@id\":\"https:\/\/climate-wise.com\/#organization\"},\"potentialAction\":[{\"@type\":\"SearchAction\",\"target\":{\"@type\":\"EntryPoint\",\"urlTemplate\":\"https:\/\/climate-wise.com\/?s={search_term_string}\"},\"query-input\":{\"@type\":\"PropertyValueSpecification\",\"valueRequired\":true,\"valueName\":\"search_term_string\"}}],\"inLanguage\":\"es\"},{\"@type\":\"Organization\",\"@id\":\"https:\/\/climate-wise.com\/#organization\",\"name\":\"Climate Wise\",\"url\":\"https:\/\/climate-wise.com\/\",\"logo\":{\"@type\":\"ImageObject\",\"inLanguage\":\"es\",\"@id\":\"https:\/\/climate-wise.com\/#\/schema\/logo\/image\/\",\"url\":\"https:\/\/climate-wise.com\/wp-content\/uploads\/2023\/10\/logo-5.png\",\"contentUrl\":\"https:\/\/climate-wise.com\/wp-content\/uploads\/2023\/10\/logo-5.png\",\"width\":209,\"height\":66,\"caption\":\"Climate Wise\"},\"image\":{\"@id\":\"https:\/\/climate-wise.com\/#\/schema\/logo\/image\/\"}},{\"@type\":\"Person\",\"@id\":\"https:\/\/climate-wise.com\/#\/schema\/person\/aead677193b48de5b5316c53668a703b\",\"name\":\"admin\",\"image\":{\"@type\":\"ImageObject\",\"inLanguage\":\"es\",\"@id\":\"https:\/\/climate-wise.com\/#\/schema\/person\/image\/\",\"url\":\"https:\/\/secure.gravatar.com\/avatar\/451c6384c33b95916bf7038c507ca6e045e0739ac7080a94c38710690a73235a?s=96&d=mm&r=g\",\"contentUrl\":\"https:\/\/secure.gravatar.com\/avatar\/451c6384c33b95916bf7038c507ca6e045e0739ac7080a94c38710690a73235a?s=96&d=mm&r=g\",\"caption\":\"admin\"},\"sameAs\":[\"https:\/\/climate-wise.com\"],\"url\":\"https:\/\/climate-wise.com\/es\/author\/admin\/\"}]}<\/script>\n<!-- \/ Yoast SEO plugin. -->","yoast_head_json":{"title":"El cambio clim\u00e1tico: Cronolog\u00eda - Climate Wise","description":"El clima siempre ha estado cambiando, sin embargo, en la historia de la civilizaci\u00f3n humana, los cambios actuales que estamos experimentando son","robots":{"index":"index","follow":"follow","max-snippet":"max-snippet:-1","max-image-preview":"max-image-preview:large","max-video-preview":"max-video-preview:-1"},"canonical":"https:\/\/climate-wise.com\/climate-change-a-timeline-2\/","og_locale":"es_ES","og_type":"article","og_title":"El cambio clim\u00e1tico: Cronolog\u00eda - Climate Wise","og_description":"El clima siempre ha estado cambiando, sin embargo, en la historia de la civilizaci\u00f3n humana, los cambios actuales que estamos experimentando son","og_url":"https:\/\/climate-wise.com\/climate-change-a-timeline-2\/","og_site_name":"Climate Wise","article_published_time":"2021-10-06T13:39:59+00:00","og_image":[{"width":1921,"height":1280,"url":"https:\/\/climate-wise.com\/wp-content\/uploads\/2021\/10\/roxanne-desgagnes-qbtyUQtqJ8k-unsplash-1.jpg","type":"image\/jpeg"}],"author":"admin","twitter_card":"summary_large_image","twitter_misc":{"Escrito por":"admin","Tiempo de lectura":"7 minutos"},"schema":{"@context":"https:\/\/schema.org","@graph":[{"@type":"Article","@id":"https:\/\/climate-wise.com\/climate-change-a-timeline-2\/#article","isPartOf":{"@id":"https:\/\/climate-wise.com\/climate-change-a-timeline-2\/"},"author":{"name":"admin","@id":"https:\/\/climate-wise.com\/#\/schema\/person\/aead677193b48de5b5316c53668a703b"},"headline":"El cambio clim\u00e1tico: Cronolog\u00eda","datePublished":"2021-10-06T13:39:59+00:00","mainEntityOfPage":{"@id":"https:\/\/climate-wise.com\/climate-change-a-timeline-2\/"},"wordCount":1341,"publisher":{"@id":"https:\/\/climate-wise.com\/#organization"},"image":{"@id":"https:\/\/climate-wise.com\/climate-change-a-timeline-2\/#primaryimage"},"thumbnailUrl":"https:\/\/climate-wise.com\/wp-content\/uploads\/2021\/10\/roxanne-desgagnes-qbtyUQtqJ8k-unsplash-1.jpg","articleSection":["Noticias y art\u00edculos"],"inLanguage":"es"},{"@type":"WebPage","@id":"https:\/\/climate-wise.com\/climate-change-a-timeline-2\/","url":"https:\/\/climate-wise.com\/climate-change-a-timeline-2\/","name":"El cambio clim\u00e1tico: Cronolog\u00eda - Climate Wise","isPartOf":{"@id":"https:\/\/climate-wise.com\/#website"},"primaryImageOfPage":{"@id":"https:\/\/climate-wise.com\/climate-change-a-timeline-2\/#primaryimage"},"image":{"@id":"https:\/\/climate-wise.com\/climate-change-a-timeline-2\/#primaryimage"},"thumbnailUrl":"https:\/\/climate-wise.com\/wp-content\/uploads\/2021\/10\/roxanne-desgagnes-qbtyUQtqJ8k-unsplash-1.jpg","datePublished":"2021-10-06T13:39:59+00:00","description":"El clima siempre ha estado cambiando, sin embargo, en la historia de la civilizaci\u00f3n humana, los cambios actuales que estamos experimentando son","breadcrumb":{"@id":"https:\/\/climate-wise.com\/climate-change-a-timeline-2\/#breadcrumb"},"inLanguage":"es","potentialAction":[{"@type":"ReadAction","target":["https:\/\/climate-wise.com\/climate-change-a-timeline-2\/"]}]},{"@type":"ImageObject","inLanguage":"es","@id":"https:\/\/climate-wise.com\/climate-change-a-timeline-2\/#primaryimage","url":"https:\/\/climate-wise.com\/wp-content\/uploads\/2021\/10\/roxanne-desgagnes-qbtyUQtqJ8k-unsplash-1.jpg","contentUrl":"https:\/\/climate-wise.com\/wp-content\/uploads\/2021\/10\/roxanne-desgagnes-qbtyUQtqJ8k-unsplash-1.jpg","width":1921,"height":1280},{"@type":"BreadcrumbList","@id":"https:\/\/climate-wise.com\/climate-change-a-timeline-2\/#breadcrumb","itemListElement":[{"@type":"ListItem","position":1,"name":"Home","item":"https:\/\/climate-wise.com\/es\/"},{"@type":"ListItem","position":2,"name":"El cambio clim\u00e1tico: Cronolog\u00eda"}]},{"@type":"WebSite","@id":"https:\/\/climate-wise.com\/#website","url":"https:\/\/climate-wise.com\/","name":"Climate Wise","description":"","publisher":{"@id":"https:\/\/climate-wise.com\/#organization"},"potentialAction":[{"@type":"SearchAction","target":{"@type":"EntryPoint","urlTemplate":"https:\/\/climate-wise.com\/?s={search_term_string}"},"query-input":{"@type":"PropertyValueSpecification","valueRequired":true,"valueName":"search_term_string"}}],"inLanguage":"es"},{"@type":"Organization","@id":"https:\/\/climate-wise.com\/#organization","name":"Climate Wise","url":"https:\/\/climate-wise.com\/","logo":{"@type":"ImageObject","inLanguage":"es","@id":"https:\/\/climate-wise.com\/#\/schema\/logo\/image\/","url":"https:\/\/climate-wise.com\/wp-content\/uploads\/2023\/10\/logo-5.png","contentUrl":"https:\/\/climate-wise.com\/wp-content\/uploads\/2023\/10\/logo-5.png","width":209,"height":66,"caption":"Climate Wise"},"image":{"@id":"https:\/\/climate-wise.com\/#\/schema\/logo\/image\/"}},{"@type":"Person","@id":"https:\/\/climate-wise.com\/#\/schema\/person\/aead677193b48de5b5316c53668a703b","name":"admin","image":{"@type":"ImageObject","inLanguage":"es","@id":"https:\/\/climate-wise.com\/#\/schema\/person\/image\/","url":"https:\/\/secure.gravatar.com\/avatar\/451c6384c33b95916bf7038c507ca6e045e0739ac7080a94c38710690a73235a?s=96&d=mm&r=g","contentUrl":"https:\/\/secure.gravatar.com\/avatar\/451c6384c33b95916bf7038c507ca6e045e0739ac7080a94c38710690a73235a?s=96&d=mm&r=g","caption":"admin"},"sameAs":["https:\/\/climate-wise.com"],"url":"https:\/\/climate-wise.com\/es\/author\/admin\/"}]}},"post_mailing_queue_ids":[],"_links":{"self":[{"href":"https:\/\/climate-wise.com\/es\/wp-json\/wp\/v2\/posts\/11392","targetHints":{"allow":["GET"]}}],"collection":[{"href":"https:\/\/climate-wise.com\/es\/wp-json\/wp\/v2\/posts"}],"about":[{"href":"https:\/\/climate-wise.com\/es\/wp-json\/wp\/v2\/types\/post"}],"author":[{"embeddable":true,"href":"https:\/\/climate-wise.com\/es\/wp-json\/wp\/v2\/users\/1"}],"replies":[{"embeddable":true,"href":"https:\/\/climate-wise.com\/es\/wp-json\/wp\/v2\/comments?post=11392"}],"version-history":[{"count":0,"href":"https:\/\/climate-wise.com\/es\/wp-json\/wp\/v2\/posts\/11392\/revisions"}],"wp:featuredmedia":[{"embeddable":true,"href":"https:\/\/climate-wise.com\/es\/wp-json\/wp\/v2\/media\/8887"}],"wp:attachment":[{"href":"https:\/\/climate-wise.com\/es\/wp-json\/wp\/v2\/media?parent=11392"}],"wp:term":[{"taxonomy":"category","embeddable":true,"href":"https:\/\/climate-wise.com\/es\/wp-json\/wp\/v2\/categories?post=11392"},{"taxonomy":"post_tag","embeddable":true,"href":"https:\/\/climate-wise.com\/es\/wp-json\/wp\/v2\/tags?post=11392"}],"curies":[{"name":"wp","href":"https:\/\/api.w.org\/{rel}","templated":true}]}}