{"id":12108,"date":"2021-06-11T18:19:42","date_gmt":"2021-06-11T18:19:42","guid":{"rendered":"https:\/\/climate-wise.com\/por-que-es-tan-importante-la-cop26\/"},"modified":"2021-06-11T18:19:42","modified_gmt":"2021-06-11T18:19:42","slug":"por-que-es-tan-importante-la-cop26","status":"publish","type":"post","link":"https:\/\/climate-wise.com\/es\/por-que-es-tan-importante-la-cop26\/","title":{"rendered":"\u00bfPor qu\u00e9 es tan importante la COP26?"},"content":{"rendered":"<p><strong>\u00bfQu\u00e9 es la COP26?<\/strong><br \/>\nLa COP26, que se celebra a finales de este a\u00f1o, es la<sup>26\u00aa<\/sup> sesi\u00f3n de la Conferencia de las Partes de la Convenci\u00f3n Marco de las Naciones Unidas sobre el Cambio Clim\u00e1tico (CMNUCC). Los Jefes de Estado de los pa\u00edses firmantes de la CMNUCC asistir\u00e1n a la cumbre, junto con varios expertos y activistas del cambio clim\u00e1tico. El objetivo de la conferencia es acordar y acelerar la adopci\u00f3n de medidas en relaci\u00f3n con el Acuerdo de Par\u00eds. Tras retrasarse el a\u00f1o pasado, el Reino Unido acoger\u00e1 la cumbre este a\u00f1o en Glasgow, del 1 al 12 de noviembre de 2021. La COP26 ofrece a las partes la oportunidad de evaluar sus progresos en el cumplimiento de los objetivos iniciales de emisiones del Acuerdo de Par\u00eds y de fijar nuevos objetivos para los cinco a\u00f1os siguientes.<\/p>\n<p><strong><img loading=\"lazy\" decoding=\"async\" class=\" wp-image-4721 alignright\" src=\"https:\/\/climate-wise.com\/wp-content\/uploads\/2021\/06\/mika-baumeister-jXPQY1em3Ew-unsplash.jpg\" alt=\"\" width=\"361\" height=\"235\">Antecedentes del Acuerdo de Par\u00eds<\/strong><br \/>\nAntes de seguir explicando la importancia de la COP26, es importante entender el Acuerdo de Par\u00eds y d\u00f3nde se establecieron los objetivos. El tratado internacional jur\u00eddicamente vinculante sobre el cambio clim\u00e1tico se adopt\u00f3 en diciembre de 2015. El Acuerdo fue adoptado por 197 pa\u00edses de todo el mundo con el objetivo principal de limitar el aumento de la temperatura global a \u00abmuy por debajo\u00bb de 2 \u00b0C en comparaci\u00f3n con los niveles preindustriales, al tiempo que se prosiguen los esfuerzos para limitar a\u00fan m\u00e1s el aumento a 1,5 \u00b0C.<\/p>\n<p>El Acuerdo de Par\u00eds es el primer acuerdo jur\u00eddicamente vinculante al que se han adherido nacionales de todo el mundo para combatir el cambio clim\u00e1tico y adaptarse a sus efectos. El Acuerdo funciona seg\u00fan un ciclo quinquenal en el que los objetivos y las acciones que deben llevar a cabo los firmantes son cada vez m\u00e1s ambiciosos. Los objetivos de las partes para la cumbre de 2020 eran anunciar las \u00abcontribuciones determinadas a nivel nacional\u00bb, que demuestran los esfuerzos que los pa\u00edses realizar\u00e1n para reducir las emisiones nacionales y adaptarse a los efectos adversos del cambio clim\u00e1tico. Tambi\u00e9n se esperaba que las Partes establecieran su estrategia a largo plazo para descarbonizar sus econom\u00edas de aqu\u00ed a 2050. Por \u00faltimo, para ayudar a los pa\u00edses considerados m\u00e1s vulnerables a los efectos del cambio clim\u00e1tico, los pa\u00edses \u00abdesarrollados\u00bb deben aumentar su financiaci\u00f3n clim\u00e1tica en el marco de la CMNUCC hasta al menos 100.000 millones de d\u00f3lares anuales.<\/p>\n<p><strong>\u00bfPor qu\u00e9 es importante la COP26?<\/strong><br \/>\nLa COP26 es una oportunidad crucial para revisar los progresos realizados cinco a\u00f1os despu\u00e9s del Acuerdo de Par\u00eds, principalmente, qu\u00e9 se ha logrado y qu\u00e9 objetivos adicionales deben alcanzarse. Adem\u00e1s, es la primera vez que las partes se reunir\u00e1n desde la salida de EE.UU. y se unieron bajo la presidencia de Biden. Se cree que la marcha de Estados Unidos ha tenido una influencia perturbadora en los objetivos iniciales fijados en 2015.<\/p>\n<p style=\"text-align: left;\"><img loading=\"lazy\" decoding=\"async\" class=\" wp-image-4741 alignleft\" src=\"https:\/\/climate-wise.com\/wp-content\/uploads\/2021\/06\/veeterzy-UwBrS-qRMHo-unsplash.jpg\" alt=\"\" width=\"336\" height=\"224\">La pandemia de COVID-19 ha hecho que, comprensiblemente, los pa\u00edses no se hayan centrado \u00fanicamente en alcanzar los objetivos fijados. La pandemia ha causado trastornos econ\u00f3micos y sociales en todo el mundo, por lo que los pa\u00edses tienen que reconstruir sus econom\u00edas. Sin embargo, esto ofrece una oportunidad \u00fanica para que los pa\u00edses puedan restablecer la econom\u00eda teniendo en cuenta los objetivos. La pandemia de COVID-19 ha puesto de relieve la importancia de la colaboraci\u00f3n entre pa\u00edses a la hora de abordar un problema mundial. As\u00ed pues, la COP26 proporciona una plataforma para coordinar los esfuerzos encaminados a reconstruir las econom\u00edas locales y mundiales y establecer un camino sostenible hacia la recuperaci\u00f3n.<\/p>\n<p>Si no se alcanzan los objetivos establecidos en el Acuerdo de Par\u00eds, las investigaciones muestran que con nuestra actual trayectoria de emisiones, la temperatura global aumentar\u00e1 entre 3 y 4 \u00b0C en los siguientes 80 a\u00f1os. Este calentamiento causar\u00e1 da\u00f1os irreversibles y catastr\u00f3ficos al medio ambiente mundial, como inundaciones y hambrunas anuales para miles de millones de personas. Adem\u00e1s, esto podr\u00eda costar a la econom\u00eda mundial m\u00e1s de 480 billones de libras a finales de siglo. La COP26 es, por tanto, un momento cr\u00edtico y ha sido calificada como nuestra \u00faltima oportunidad para abordar eficazmente la crisis clim\u00e1tica.<\/p>\n<p><strong>El clima y la COP26<\/strong><br \/>\nYa se han mencionado tres de los principales objetivos de la conferencia. El cuarto objetivo es centrarse en \u00absoluciones basadas en la naturaleza\u00bb, y estudiar el potencial de la silvicultura, los ecosistemas y la agricultura en la lucha contra el calentamiento global. Estas oportunidades son cruciales para absorber las emisiones y ayudar a los pa\u00edses a alcanzar los objetivos de carbono neto cero. Al invertir en proyectos de compensaci\u00f3n de carbono, Climate Wise ayuda a los pa\u00edses a cumplir estos objetivos aportando soluciones para reducir el volumen de carbono en la atm\u00f3sfera. Nuestra misi\u00f3n ayuda a alcanzar los objetivos del Acuerdo de Par\u00eds y permite que todo el mundo se implique en la acci\u00f3n por el clima.<\/p>\n<p>Participe en la acci\u00f3n mundial por el clima compensando sus emisiones de carbono con nosotros.<\/p>\n","protected":false},"excerpt":{"rendered":"<p>\u00bfQu\u00e9 es la COP26? La COP26, que se celebra a finales de este a\u00f1o, es la26\u00aa sesi\u00f3n de la Conferencia de las Partes de la Convenci\u00f3n Marco de las Naciones Unidas sobre el Cambio Clim\u00e1tico (CMNUCC). Los Jefes de Estado de los pa\u00edses firmantes de la CMNUCC asistir\u00e1n a la cumbre, junto con varios expertos&hellip; <a class=\"more-link\" href=\"https:\/\/climate-wise.com\/es\/por-que-es-tan-importante-la-cop26\/\">Seguir leyendo <span class=\"screen-reader-text\">\u00bfPor qu\u00e9 es tan importante la COP26?<\/span><\/a><\/p>\n","protected":false},"author":1,"featured_media":8929,"comment_status":"closed","ping_status":"closed","sticky":false,"template":"","format":"standard","meta":{"footnotes":""},"categories":[218],"tags":[],"class_list":["post-12108","post","type-post","status-publish","format-standard","has-post-thumbnail","hentry","category-noticias-y-articulos-es","entry"],"acf":[],"yoast_head":"<!-- This site is optimized with the Yoast SEO plugin v25.1 - https:\/\/yoast.com\/wordpress\/plugins\/seo\/ -->\n<title>\u00bfPor qu\u00e9 es tan importante la COP26? - Climate Wise<\/title>\n<meta name=\"description\" content=\"\u00bfQu\u00e9 es la COP26? La COP26, que se celebra a finales de este a\u00f1o, es la26\u00aa sesi\u00f3n de la Conferencia de las Partes de la Convenci\u00f3n Marco de las Naciones\" \/>\n<meta name=\"robots\" content=\"index, follow, max-snippet:-1, max-image-preview:large, max-video-preview:-1\" \/>\n<link rel=\"canonical\" href=\"https:\/\/climate-wise.com\/por-que-es-tan-importante-la-cop26\/\" \/>\n<meta property=\"og:locale\" content=\"es_ES\" \/>\n<meta property=\"og:type\" content=\"article\" \/>\n<meta property=\"og:title\" content=\"\u00bfPor qu\u00e9 es tan importante la COP26? - Climate Wise\" \/>\n<meta property=\"og:description\" content=\"\u00bfQu\u00e9 es la COP26? La COP26, que se celebra a finales de este a\u00f1o, es la26\u00aa sesi\u00f3n de la Conferencia de las Partes de la Convenci\u00f3n Marco de las Naciones\" \/>\n<meta property=\"og:url\" content=\"https:\/\/climate-wise.com\/por-que-es-tan-importante-la-cop26\/\" \/>\n<meta property=\"og:site_name\" content=\"Climate Wise\" \/>\n<meta property=\"article:published_time\" content=\"2021-06-11T18:19:42+00:00\" \/>\n<meta property=\"og:image\" content=\"https:\/\/climate-wise.com\/wp-content\/uploads\/2021\/06\/mika-baumeister-jXPQY1em3Ew-unsplash.jpg\" \/>\n<meta name=\"author\" content=\"admin\" \/>\n<meta name=\"twitter:card\" content=\"summary_large_image\" \/>\n<meta name=\"twitter:label1\" content=\"Escrito por\" \/>\n\t<meta name=\"twitter:data1\" content=\"admin\" \/>\n\t<meta name=\"twitter:label2\" content=\"Tiempo de lectura\" \/>\n\t<meta name=\"twitter:data2\" content=\"4 minutos\" \/>\n<script type=\"application\/ld+json\" class=\"yoast-schema-graph\">{\"@context\":\"https:\/\/schema.org\",\"@graph\":[{\"@type\":\"Article\",\"@id\":\"https:\/\/climate-wise.com\/por-que-es-tan-importante-la-cop26\/#article\",\"isPartOf\":{\"@id\":\"https:\/\/climate-wise.com\/por-que-es-tan-importante-la-cop26\/\"},\"author\":{\"name\":\"admin\",\"@id\":\"https:\/\/climate-wise.com\/#\/schema\/person\/aead677193b48de5b5316c53668a703b\"},\"headline\":\"\u00bfPor qu\u00e9 es tan importante la COP26?\",\"datePublished\":\"2021-06-11T18:19:42+00:00\",\"mainEntityOfPage\":{\"@id\":\"https:\/\/climate-wise.com\/por-que-es-tan-importante-la-cop26\/\"},\"wordCount\":878,\"publisher\":{\"@id\":\"https:\/\/climate-wise.com\/#organization\"},\"image\":{\"@id\":\"https:\/\/climate-wise.com\/por-que-es-tan-importante-la-cop26\/#primaryimage\"},\"thumbnailUrl\":\"https:\/\/climate-wise.com\/wp-content\/uploads\/2021\/06\/mika-baumeister-jXPQY1em3Ew-unsplash.jpg\",\"articleSection\":[\"Noticias y art\u00edculos\"],\"inLanguage\":\"es\"},{\"@type\":\"WebPage\",\"@id\":\"https:\/\/climate-wise.com\/por-que-es-tan-importante-la-cop26\/\",\"url\":\"https:\/\/climate-wise.com\/por-que-es-tan-importante-la-cop26\/\",\"name\":\"\u00bfPor qu\u00e9 es tan importante la COP26? - Climate Wise\",\"isPartOf\":{\"@id\":\"https:\/\/climate-wise.com\/#website\"},\"primaryImageOfPage\":{\"@id\":\"https:\/\/climate-wise.com\/por-que-es-tan-importante-la-cop26\/#primaryimage\"},\"image\":{\"@id\":\"https:\/\/climate-wise.com\/por-que-es-tan-importante-la-cop26\/#primaryimage\"},\"thumbnailUrl\":\"https:\/\/climate-wise.com\/wp-content\/uploads\/2021\/06\/mika-baumeister-jXPQY1em3Ew-unsplash.jpg\",\"datePublished\":\"2021-06-11T18:19:42+00:00\",\"description\":\"\u00bfQu\u00e9 es la COP26? La COP26, que se celebra a finales de este a\u00f1o, es la26\u00aa sesi\u00f3n de la Conferencia de las Partes de la Convenci\u00f3n Marco de las Naciones\",\"breadcrumb\":{\"@id\":\"https:\/\/climate-wise.com\/por-que-es-tan-importante-la-cop26\/#breadcrumb\"},\"inLanguage\":\"es\",\"potentialAction\":[{\"@type\":\"ReadAction\",\"target\":[\"https:\/\/climate-wise.com\/por-que-es-tan-importante-la-cop26\/\"]}]},{\"@type\":\"ImageObject\",\"inLanguage\":\"es\",\"@id\":\"https:\/\/climate-wise.com\/por-que-es-tan-importante-la-cop26\/#primaryimage\",\"url\":\"https:\/\/climate-wise.com\/wp-content\/uploads\/2021\/06\/mika-baumeister-jXPQY1em3Ew-unsplash.jpg\",\"contentUrl\":\"https:\/\/climate-wise.com\/wp-content\/uploads\/2021\/06\/mika-baumeister-jXPQY1em3Ew-unsplash.jpg\",\"width\":1921,\"height\":1251},{\"@type\":\"BreadcrumbList\",\"@id\":\"https:\/\/climate-wise.com\/por-que-es-tan-importante-la-cop26\/#breadcrumb\",\"itemListElement\":[{\"@type\":\"ListItem\",\"position\":1,\"name\":\"Home\",\"item\":\"https:\/\/climate-wise.com\/es\/\"},{\"@type\":\"ListItem\",\"position\":2,\"name\":\"\u00bfPor qu\u00e9 es tan importante la COP26?\"}]},{\"@type\":\"WebSite\",\"@id\":\"https:\/\/climate-wise.com\/#website\",\"url\":\"https:\/\/climate-wise.com\/\",\"name\":\"Climate Wise\",\"description\":\"\",\"publisher\":{\"@id\":\"https:\/\/climate-wise.com\/#organization\"},\"potentialAction\":[{\"@type\":\"SearchAction\",\"target\":{\"@type\":\"EntryPoint\",\"urlTemplate\":\"https:\/\/climate-wise.com\/?s={search_term_string}\"},\"query-input\":{\"@type\":\"PropertyValueSpecification\",\"valueRequired\":true,\"valueName\":\"search_term_string\"}}],\"inLanguage\":\"es\"},{\"@type\":\"Organization\",\"@id\":\"https:\/\/climate-wise.com\/#organization\",\"name\":\"Climate Wise\",\"url\":\"https:\/\/climate-wise.com\/\",\"logo\":{\"@type\":\"ImageObject\",\"inLanguage\":\"es\",\"@id\":\"https:\/\/climate-wise.com\/#\/schema\/logo\/image\/\",\"url\":\"https:\/\/climate-wise.com\/wp-content\/uploads\/2023\/10\/logo-5.png\",\"contentUrl\":\"https:\/\/climate-wise.com\/wp-content\/uploads\/2023\/10\/logo-5.png\",\"width\":209,\"height\":66,\"caption\":\"Climate Wise\"},\"image\":{\"@id\":\"https:\/\/climate-wise.com\/#\/schema\/logo\/image\/\"}},{\"@type\":\"Person\",\"@id\":\"https:\/\/climate-wise.com\/#\/schema\/person\/aead677193b48de5b5316c53668a703b\",\"name\":\"admin\",\"image\":{\"@type\":\"ImageObject\",\"inLanguage\":\"es\",\"@id\":\"https:\/\/climate-wise.com\/#\/schema\/person\/image\/\",\"url\":\"https:\/\/secure.gravatar.com\/avatar\/451c6384c33b95916bf7038c507ca6e045e0739ac7080a94c38710690a73235a?s=96&d=mm&r=g\",\"contentUrl\":\"https:\/\/secure.gravatar.com\/avatar\/451c6384c33b95916bf7038c507ca6e045e0739ac7080a94c38710690a73235a?s=96&d=mm&r=g\",\"caption\":\"admin\"},\"sameAs\":[\"https:\/\/climate-wise.com\"],\"url\":\"https:\/\/climate-wise.com\/es\/author\/admin\/\"}]}<\/script>\n<!-- \/ Yoast SEO plugin. -->","yoast_head_json":{"title":"\u00bfPor qu\u00e9 es tan importante la COP26? - Climate Wise","description":"\u00bfQu\u00e9 es la COP26? La COP26, que se celebra a finales de este a\u00f1o, es la26\u00aa sesi\u00f3n de la Conferencia de las Partes de la Convenci\u00f3n Marco de las Naciones","robots":{"index":"index","follow":"follow","max-snippet":"max-snippet:-1","max-image-preview":"max-image-preview:large","max-video-preview":"max-video-preview:-1"},"canonical":"https:\/\/climate-wise.com\/por-que-es-tan-importante-la-cop26\/","og_locale":"es_ES","og_type":"article","og_title":"\u00bfPor qu\u00e9 es tan importante la COP26? - Climate Wise","og_description":"\u00bfQu\u00e9 es la COP26? La COP26, que se celebra a finales de este a\u00f1o, es la26\u00aa sesi\u00f3n de la Conferencia de las Partes de la Convenci\u00f3n Marco de las Naciones","og_url":"https:\/\/climate-wise.com\/por-que-es-tan-importante-la-cop26\/","og_site_name":"Climate Wise","article_published_time":"2021-06-11T18:19:42+00:00","og_image":[{"url":"https:\/\/climate-wise.com\/wp-content\/uploads\/2021\/06\/mika-baumeister-jXPQY1em3Ew-unsplash.jpg","type":"","width":"","height":""}],"author":"admin","twitter_card":"summary_large_image","twitter_misc":{"Escrito por":"admin","Tiempo de lectura":"4 minutos"},"schema":{"@context":"https:\/\/schema.org","@graph":[{"@type":"Article","@id":"https:\/\/climate-wise.com\/por-que-es-tan-importante-la-cop26\/#article","isPartOf":{"@id":"https:\/\/climate-wise.com\/por-que-es-tan-importante-la-cop26\/"},"author":{"name":"admin","@id":"https:\/\/climate-wise.com\/#\/schema\/person\/aead677193b48de5b5316c53668a703b"},"headline":"\u00bfPor qu\u00e9 es tan importante la COP26?","datePublished":"2021-06-11T18:19:42+00:00","mainEntityOfPage":{"@id":"https:\/\/climate-wise.com\/por-que-es-tan-importante-la-cop26\/"},"wordCount":878,"publisher":{"@id":"https:\/\/climate-wise.com\/#organization"},"image":{"@id":"https:\/\/climate-wise.com\/por-que-es-tan-importante-la-cop26\/#primaryimage"},"thumbnailUrl":"https:\/\/climate-wise.com\/wp-content\/uploads\/2021\/06\/mika-baumeister-jXPQY1em3Ew-unsplash.jpg","articleSection":["Noticias y art\u00edculos"],"inLanguage":"es"},{"@type":"WebPage","@id":"https:\/\/climate-wise.com\/por-que-es-tan-importante-la-cop26\/","url":"https:\/\/climate-wise.com\/por-que-es-tan-importante-la-cop26\/","name":"\u00bfPor qu\u00e9 es tan importante la COP26? - Climate Wise","isPartOf":{"@id":"https:\/\/climate-wise.com\/#website"},"primaryImageOfPage":{"@id":"https:\/\/climate-wise.com\/por-que-es-tan-importante-la-cop26\/#primaryimage"},"image":{"@id":"https:\/\/climate-wise.com\/por-que-es-tan-importante-la-cop26\/#primaryimage"},"thumbnailUrl":"https:\/\/climate-wise.com\/wp-content\/uploads\/2021\/06\/mika-baumeister-jXPQY1em3Ew-unsplash.jpg","datePublished":"2021-06-11T18:19:42+00:00","description":"\u00bfQu\u00e9 es la COP26? La COP26, que se celebra a finales de este a\u00f1o, es la26\u00aa sesi\u00f3n de la Conferencia de las Partes de la Convenci\u00f3n Marco de las Naciones","breadcrumb":{"@id":"https:\/\/climate-wise.com\/por-que-es-tan-importante-la-cop26\/#breadcrumb"},"inLanguage":"es","potentialAction":[{"@type":"ReadAction","target":["https:\/\/climate-wise.com\/por-que-es-tan-importante-la-cop26\/"]}]},{"@type":"ImageObject","inLanguage":"es","@id":"https:\/\/climate-wise.com\/por-que-es-tan-importante-la-cop26\/#primaryimage","url":"https:\/\/climate-wise.com\/wp-content\/uploads\/2021\/06\/mika-baumeister-jXPQY1em3Ew-unsplash.jpg","contentUrl":"https:\/\/climate-wise.com\/wp-content\/uploads\/2021\/06\/mika-baumeister-jXPQY1em3Ew-unsplash.jpg","width":1921,"height":1251},{"@type":"BreadcrumbList","@id":"https:\/\/climate-wise.com\/por-que-es-tan-importante-la-cop26\/#breadcrumb","itemListElement":[{"@type":"ListItem","position":1,"name":"Home","item":"https:\/\/climate-wise.com\/es\/"},{"@type":"ListItem","position":2,"name":"\u00bfPor qu\u00e9 es tan importante la COP26?"}]},{"@type":"WebSite","@id":"https:\/\/climate-wise.com\/#website","url":"https:\/\/climate-wise.com\/","name":"Climate Wise","description":"","publisher":{"@id":"https:\/\/climate-wise.com\/#organization"},"potentialAction":[{"@type":"SearchAction","target":{"@type":"EntryPoint","urlTemplate":"https:\/\/climate-wise.com\/?s={search_term_string}"},"query-input":{"@type":"PropertyValueSpecification","valueRequired":true,"valueName":"search_term_string"}}],"inLanguage":"es"},{"@type":"Organization","@id":"https:\/\/climate-wise.com\/#organization","name":"Climate Wise","url":"https:\/\/climate-wise.com\/","logo":{"@type":"ImageObject","inLanguage":"es","@id":"https:\/\/climate-wise.com\/#\/schema\/logo\/image\/","url":"https:\/\/climate-wise.com\/wp-content\/uploads\/2023\/10\/logo-5.png","contentUrl":"https:\/\/climate-wise.com\/wp-content\/uploads\/2023\/10\/logo-5.png","width":209,"height":66,"caption":"Climate Wise"},"image":{"@id":"https:\/\/climate-wise.com\/#\/schema\/logo\/image\/"}},{"@type":"Person","@id":"https:\/\/climate-wise.com\/#\/schema\/person\/aead677193b48de5b5316c53668a703b","name":"admin","image":{"@type":"ImageObject","inLanguage":"es","@id":"https:\/\/climate-wise.com\/#\/schema\/person\/image\/","url":"https:\/\/secure.gravatar.com\/avatar\/451c6384c33b95916bf7038c507ca6e045e0739ac7080a94c38710690a73235a?s=96&d=mm&r=g","contentUrl":"https:\/\/secure.gravatar.com\/avatar\/451c6384c33b95916bf7038c507ca6e045e0739ac7080a94c38710690a73235a?s=96&d=mm&r=g","caption":"admin"},"sameAs":["https:\/\/climate-wise.com"],"url":"https:\/\/climate-wise.com\/es\/author\/admin\/"}]}},"post_mailing_queue_ids":[],"_links":{"self":[{"href":"https:\/\/climate-wise.com\/es\/wp-json\/wp\/v2\/posts\/12108","targetHints":{"allow":["GET"]}}],"collection":[{"href":"https:\/\/climate-wise.com\/es\/wp-json\/wp\/v2\/posts"}],"about":[{"href":"https:\/\/climate-wise.com\/es\/wp-json\/wp\/v2\/types\/post"}],"author":[{"embeddable":true,"href":"https:\/\/climate-wise.com\/es\/wp-json\/wp\/v2\/users\/1"}],"replies":[{"embeddable":true,"href":"https:\/\/climate-wise.com\/es\/wp-json\/wp\/v2\/comments?post=12108"}],"version-history":[{"count":0,"href":"https:\/\/climate-wise.com\/es\/wp-json\/wp\/v2\/posts\/12108\/revisions"}],"wp:featuredmedia":[{"embeddable":true,"href":"https:\/\/climate-wise.com\/es\/wp-json\/wp\/v2\/media\/8929"}],"wp:attachment":[{"href":"https:\/\/climate-wise.com\/es\/wp-json\/wp\/v2\/media?parent=12108"}],"wp:term":[{"taxonomy":"category","embeddable":true,"href":"https:\/\/climate-wise.com\/es\/wp-json\/wp\/v2\/categories?post=12108"},{"taxonomy":"post_tag","embeddable":true,"href":"https:\/\/climate-wise.com\/es\/wp-json\/wp\/v2\/tags?post=12108"}],"curies":[{"name":"wp","href":"https:\/\/api.w.org\/{rel}","templated":true}]}}